{"id":68052,"date":"2024-05-06T08:25:00","date_gmt":"2024-05-06T14:25:00","guid":{"rendered":"https:\/\/zonaroja.com.mx\/?p=68052"},"modified":"2024-05-06T07:33:43","modified_gmt":"2024-05-06T13:33:43","slug":"exige-san-miguel-el-grande-justicia-por-ocho-asesinados-en-un-ano","status":"publish","type":"post","link":"https:\/\/zonaroja.com.mx\/?p=68052","title":{"rendered":"Exige San Miguel El Grande justicia por ocho asesinados en un a\u00f1o"},"content":{"rendered":"\n<p>Ismael Garc\u00eda M.\/Zona Roja.<\/p>\n\n\n\n<p>Oaxaca de Ju\u00e1rez, Oax., a 6 de mayo de 2024.- El ayuntamiento de San Miguel El Grande, municipio de la regi\u00f3n Mixteca de Oaxaca, exigi\u00f3 justicia para ocho personas asesinadas el a\u00f1o pasado, presuntamente por sus vecinos de Llano de Guadalupe, Heroica Ciudad de Tlaxiaco.<\/p>\n\n\n\n<p>Ayer, en el marco de la conmemoraci\u00f3n del primer aniversario de ciudadanos ultimados a balazos, Juan Mendoza L\u00f3pez, Abd\u00f3n Cruz L\u00f3pez y Odil\u00f3n Cruz Ortiz, la autoridad emiti\u00f3 un pronunciamiento:<\/p>\n\n\n\n<p>\u201c\u00a1Orden de aprehensi\u00f3n para los responsables materiales e intelectuales de la masacre en la comunidad de L\u00e1zaro C\u00e1rdenas el d\u00eda 5 de mayo de 2023! \u00a1Paz territorial!<\/p>\n\n\n\n<p>Exigieron adem\u00e1s acciones inmediatas en contra de quienes asesinaron a cinco personas, entre ellos el hermano de la actriz \u00c1ngeles Cruz, el 22 de noviembre del a\u00f1o pasado.<\/p>\n\n\n\n<p>\u00c9stos son Gabriel Cruz Ortiz, Jos\u00e9 P\u00e9rez Mendoza, Rom\u00e1n Cruz Murillo, Minyac Omar Moreno Plascencia y Jos\u00e9 Luis Daniel Calvo Tapia, ultimados a balazos tambi\u00e9n presuntamente por pobladores de Llano de Guadalupe.<\/p>\n\n\n\n<p>ALZA LA VOZ DE NUEVO<\/p>\n\n\n\n<p>En el mismo tenor, la actriz oaxaque\u00f1a, originaria de San Miguel El Grande, \u00c1ngeles Cruz, comparti\u00f3 en sus redes sociales un video, en que tambi\u00e9n demanda justicia al gobernador Salom\u00f3n Jara Cruz.<\/p>\n\n\n\n<p>\u201cA un a\u00f1o de los ataques del 5 de mayo, tenemos ocho muertos; nuestros compa\u00f1eros Jos\u00e9, Gabriel y Rom\u00e1n Cruz Murillo, que fueron testigos en ese ataque, hoy est\u00e1n muertos; qu\u00e9 podemos esperar de usted, \u00bfpuras promesas de pol\u00edtico?<\/p>\n\n\n\n<p>\u201cHoy seguimos llorando las muertes de Abd\u00f3n, de Odil\u00f3n y de Juan; hoy seguimos exigiendo exigiendo justicia. Y ustedes con campa\u00f1as pol\u00edticas, y ustedes protegiendo a c\u00f3mplices o se\u00f1alada como c\u00f3mplices; hay s\u00f3lo dos personas en la c\u00e1rcel.<\/p>\n\n\n\n<p>\u201cA un a\u00f1o de los hechos del 5 de mayo de 2023; no olvidamos, seguimos exigiendo justicia para San Miguel El Grande, justicia para nuestros muertos\u201d, expuso.<\/p>\n","protected":false},"excerpt":{"rendered":"<p>Ismael Garc\u00eda M.\/Zona Roja. Oaxaca de Ju\u00e1rez, Oax., a 6 de mayo de 2024.- El&hellip;<\/p>\n","protected":false},"author":2,"featured_media":68051,"comment_status":"closed","ping_status":"open","sticky":false,"template":"","format":"standard","meta":{"_lmt_disableupdate":"","_lmt_disable":"","_jetpack_memberships_contains_paid_content":false,"footnotes":""},"categories":[109,47],"tags":[3475],"class_list":["post-68052","post","type-post","status-publish","format-standard","has-post-thumbnail","hentry","category-minuto-a-minuto","category-zona-gris","tag-san-miguel-el-grande"],"jetpack_featured_media_url":"https:\/\/zonaroja.com.mx\/wp-content\/uploads\/2024\/05\/Pronunciamiento-San-Miguel-El-Grande-exige-justicia.jpg","jetpack_sharing_enabled":true,"_links":{"self":[{"href":"https:\/\/zonaroja.com.mx\/index.php?rest_route=\/wp\/v2\/posts\/68052","targetHints":{"allow":["GET"]}}],"collection":[{"href":"https:\/\/zonaroja.com.mx\/index.php?rest_route=\/wp\/v2\/posts"}],"about":[{"href":"https:\/\/zonaroja.com.mx\/index.php?rest_route=\/wp\/v2\/types\/post"}],"author":[{"embeddable":true,"href":"https:\/\/zonaroja.com.mx\/index.php?rest_route=\/wp\/v2\/users\/2"}],"replies":[{"embeddable":true,"href":"https:\/\/zonaroja.com.mx\/index.php?rest_route=%2Fwp%2Fv2%2Fcomments&post=68052"}],"version-history":[{"count":1,"href":"https:\/\/zonaroja.com.mx\/index.php?rest_route=\/wp\/v2\/posts\/68052\/revisions"}],"predecessor-version":[{"id":68053,"href":"https:\/\/zonaroja.com.mx\/index.php?rest_route=\/wp\/v2\/posts\/68052\/revisions\/68053"}],"wp:featuredmedia":[{"embeddable":true,"href":"https:\/\/zonaroja.com.mx\/index.php?rest_route=\/wp\/v2\/media\/68051"}],"wp:attachment":[{"href":"https:\/\/zonaroja.com.mx\/index.php?rest_route=%2Fwp%2Fv2%2Fmedia&parent=68052"}],"wp:term":[{"taxonomy":"category","embeddable":true,"href":"https:\/\/zonaroja.com.mx\/index.php?rest_route=%2Fwp%2Fv2%2Fcategories&post=68052"},{"taxonomy":"post_tag","embeddable":true,"href":"https:\/\/zonaroja.com.mx\/index.php?rest_route=%2Fwp%2Fv2%2Ftags&post=68052"}],"curies":[{"name":"wp","href":"https:\/\/api.w.org\/{rel}","templated":true}]}}