{"id":68059,"date":"2024-05-06T08:17:56","date_gmt":"2024-05-06T14:17:56","guid":{"rendered":"https:\/\/zonaroja.com.mx\/?p=68059"},"modified":"2024-05-06T08:17:59","modified_gmt":"2024-05-06T14:17:59","slug":"opinion-elecciones-pleito-de-familias-y-traiciones","status":"publish","type":"post","link":"https:\/\/zonaroja.com.mx\/?p=68059","title":{"rendered":"Opini\u00f3n. Elecciones, pleito de familias\u2026 y traiciones"},"content":{"rendered":"\n<p>Ismael Garc\u00eda M.\/Zona Roja.<\/p>\n\n\n\n<p>Oaxaca, Oax., a 6 de mayo de 2024.- No es un secreto que \u201chasta en las mejores familias\u201d hay conflictos entre la parentela. Por muchas razones: envidias, la disputa de propiedades o la herencia, incluso por la paternidad.<\/p>\n\n\n\n<p>Por eso no extra\u00f1a que en la pol\u00edtica, y principalmente en los procesos electorales, las diferencias internas est\u00e9n a la orden del d\u00eda.<\/p>\n\n\n\n<p>Por supuesto, desde hace mucho que pr\u00e1cticamente no existe la convicci\u00f3n partidista y la mayor\u00eda de los aspirantes opta por cualquier oferta pol\u00edtica, que convenga a sus intereses\u2026 as\u00ed sea traicionado al movimiento que les dio vida.<\/p>\n\n\n\n<p>Y en la historia reciente nada m\u00e1s hay que ver lo acomodaticio que son los partidos peque\u00f1os, como Movimiento Ciudadano, del Trabajo, Verde Ecologista, Nueva Alianza, entre otros, que s\u00f3lo se mueven de acuerdo con sus intereses financieros. Nada m\u00e1s.<\/p>\n\n\n\n<p>En la actual contienda electoral, en Oaxaca hay sobrados ejemplos que rayan en la desverg\u00fcenza, que tienen el sello de patrimonio familiar y cuyas alianzas que les dieron vida se separan de nuevo, todo por no lograr complacencias personales.<\/p>\n\n\n\n<p>\u00bfQU\u00c9 ES EL PT?<\/p>\n\n\n\n<p>El Partido del Trabajo no es nada; nunca ha sido nada m\u00e1s que patrimonio de unos cuantos y usufructo de un reducido grupo que va por fines econ\u00f3micos m\u00e1s que pol\u00edticos o de verdaderas causas ciudadanas.<\/p>\n\n\n\n<p>Ha participado electoralmente con quien le ha convenido y en los \u00faltimos a\u00f1os, tanto a nivel nacional como estatal, con Morena y el PVEM, por acuerdo del Presidente Andr\u00e9s Manuel L\u00f3pez Obrador.<\/p>\n\n\n\n<p>En esta entidad, son \u00e9picas las batallas por las prerrogativas y los favores gubernamentales; el PT pasa por una de ellas. Lenin L\u00f3pez Nelio disput\u00f3, infructuosamente, la dirigencia a Benjam\u00edn Robles Montoya.<\/p>\n\n\n\n<p>Este \u00faltimo, michoacano de origen, ex priista y tra\u00eddo a Oaxaca por Gabino Cu\u00e9, se ha entronizado y adue\u00f1ado de todo, para s\u00ed y para su familia.<\/p>\n\n\n\n<p>Ha sido funcionario estatal, diputado local, diputado federal, senador y ahora quiere ser de nuevo diputado federal.<\/p>\n\n\n\n<p>Pero no s\u00f3lo eso, tambi\u00e9n su esposa es actualmente legisladora federal, cargos \u00faltimos que ambos lograron gracias al empuje de Morena y de la Cuarta Transformaci\u00f3n que impulsa Obrador.<\/p>\n\n\n\n<p>Pero se les olvido a Robles Montoya qui\u00e9n lo encumbr\u00f3 y ahora da patadas en el pesebre, todo por no haber sido favorecido como candidato de Morena en conjunto con el PT.<\/p>\n\n\n\n<p>\u201cLa militancia de la 4T del Istmo de Tehuantepec asegur\u00f3 que por la traici\u00f3n de Salom\u00f3n Jara al pueblo y a Morena, votar\u00e1n contundentemente cinco de cinco por el Partido del Trabajo (PT), por Claudia Sheinbaum, Benjam\u00edn Robles \u2018El Bueno\u00b4 y por todas las candidatas y candidatos de este instituto pol\u00edtico\u201d, se ufan\u00f3 en un comunicado del fin de semana.<\/p>\n\n\n\n<p>Los ataques de Robles arrecian y ahora hasta en sus boletines de prensa, falto de memoria que por el obradorismo, hoy es legislador federal junto con su esposa, y con ello se ha beneficiado toda su parentela, desde hace muchos a\u00f1os.&nbsp;<\/p>\n\n\n\n<p>\u00bfQU\u00c9 ES EL PVEM?<\/p>\n\n\n\n<p>Otro ejemplo es el Partido Verde Ecologista, igual de acomodaticio y que tiene en la capital de Oaxaca un sonado caso de perversidad pol\u00edtica y de ambiciones.<\/p>\n\n\n\n<p>Tampoco el Verde Ecologista representa votos importantes y mucho menos militancia; de no haber sido rescatado por Morena, estar\u00eda en el ostracismo y en v\u00edas de extinci\u00f3n.<\/p>\n\n\n\n<p>Y las elecciones de Oaxaca de Ju\u00e1rez, justamente esa perversidad se reflejado tambi\u00e9n en los hermanos Jara Cruz.<\/p>\n\n\n\n<p>Amador apoya abiertamente a Francisco Mart\u00ednez Neri, quien ha padecido el menosprecio gubernamental desde hace tres a\u00f1os y quien estuvo a punto de perder la elecci\u00f3n interna como candidato.<\/p>\n\n\n\n<p>Aqu\u00ed en este mismo espacio les hemos rese\u00f1ado c\u00f3mo desde hace un a\u00f1o hubo intenso movimiento de varios morenistas, entre ellos Luis Alfonso Silva y Liz Arroyo, para evitar que el actual edil fuera por la reelecci\u00f3n.<\/p>\n\n\n\n<p>Y una vez que Neri fue designado, surgieron de nuevo m\u00e1s ataques, encabezados de nuevo por No\u00e9 Jara, quien logr\u00f3 imponer a Raymundo Chagoya \u2014un imberbe pol\u00edtico, notario, perfectamente desconocido, acusado de deudor alimentario\u2014 como candidato del PVEM a la presidencia municipal.<\/p>\n\n\n\n<p>A no ser que la intenci\u00f3n sea, con esa decisi\u00f3n, ayudar al priista Mart\u00edn V\u00e1squez Villanueva afectado a Neri, no hay otra explicaci\u00f3n de esa jugada pol\u00edtica porque solo, el Verde no lograr\u00e1 nada.<\/p>\n\n\n\n<p>En la ahora oposici\u00f3n tambi\u00e9n hay distintos casos y tambi\u00e9n el m\u00e1s claro ejemplo es el PRD, que opt\u00f3 por ir solo a la contienda municipal en la capital, pese a no tener militantes ni fuerza pol\u00edtica; apoya a Jaime Larraz\u00e1bal Bret\u00f3n, identificado con el equipo de Jos\u00e9 Murat.<\/p>\n\n\n\n<p>No hay, por supuesto, trabajo en la dirigencia perredista para movilizar a las bases electorales. Quiz\u00e1 hubiera tenido mejores dividendos si desde el inicio se hubiera unido al PAN-PRI para respaldar a V\u00e1squez Villanueva.<\/p>\n\n\n\n<p>Tambi\u00e9n en el PRI se cuecen habas: tres regidores de Oaxaca de Ju\u00e1rez, identificados principalmente con el grupo de Javier Villaca\u00f1a, decidieron ir por su cuenta, tras el berrinche del ex presidente del partido tricolor.<\/p>\n\n\n\n<p>Jocabed Betanzos por el PRI; Juan Rafael Rosas por MUJER y Pablo Puga por Movimiento Ciudadano; de los tres ni siquiera se hace uno aunque conf\u00edan en la labor de zapa de Villaca\u00f1a.&nbsp;<\/p>\n\n\n\n<p>TRAICIONEROS<\/p>\n\n\n\n<p>S\u00ed, los pleitos se dan hasta en las mejores familias, pero en pol\u00edtica realmente ya son marranadas.<\/p>\n\n\n\n<p>Las ambiciones les han nublado la vista y no se han dado cuenta que, en el caso de los partidos oficiales, como Morena, PT y PVEM, a los \u00fanicos que perjudican son a su candidata Claudia Sheinbaum, quien por cierto d\u00eda con d\u00eda suma m\u00e1s detractores.<\/p>\n\n\n\n<p>En el mismo efecto en la llamada oposici\u00f3n, pues en lugar de ayudar en grupo a X\u00f3chitl G\u00e1lvez, quien tiene amplias posibilidades de ganar la Presidencia, se dedican a torpedearse entre ellos.<\/p>\n","protected":false},"excerpt":{"rendered":"<p>Ismael Garc\u00eda M.\/Zona Roja. Oaxaca, Oax., a 6 de mayo de 2024.- No es un&hellip;<\/p>\n","protected":false},"author":2,"featured_media":67764,"comment_status":"closed","ping_status":"open","sticky":false,"template":"","format":"standard","meta":{"_lmt_disableupdate":"","_lmt_disable":"","_jetpack_memberships_contains_paid_content":false,"footnotes":""},"categories":[456,109,48],"tags":[1353],"class_list":["post-68059","post","type-post","status-publish","format-standard","has-post-thumbnail","hentry","category-columna","category-minuto-a-minuto","category-zona-critica","tag-opinion-zona-critica"],"jetpack_featured_media_url":"https:\/\/zonaroja.com.mx\/wp-content\/uploads\/2024\/04\/Opinion-Zona-Roja-Ismael-Garcia.jpg","jetpack_sharing_enabled":true,"_links":{"self":[{"href":"https:\/\/zonaroja.com.mx\/index.php?rest_route=\/wp\/v2\/posts\/68059","targetHints":{"allow":["GET"]}}],"collection":[{"href":"https:\/\/zonaroja.com.mx\/index.php?rest_route=\/wp\/v2\/posts"}],"about":[{"href":"https:\/\/zonaroja.com.mx\/index.php?rest_route=\/wp\/v2\/types\/post"}],"author":[{"embeddable":true,"href":"https:\/\/zonaroja.com.mx\/index.php?rest_route=\/wp\/v2\/users\/2"}],"replies":[{"embeddable":true,"href":"https:\/\/zonaroja.com.mx\/index.php?rest_route=%2Fwp%2Fv2%2Fcomments&post=68059"}],"version-history":[{"count":1,"href":"https:\/\/zonaroja.com.mx\/index.php?rest_route=\/wp\/v2\/posts\/68059\/revisions"}],"predecessor-version":[{"id":68060,"href":"https:\/\/zonaroja.com.mx\/index.php?rest_route=\/wp\/v2\/posts\/68059\/revisions\/68060"}],"wp:featuredmedia":[{"embeddable":true,"href":"https:\/\/zonaroja.com.mx\/index.php?rest_route=\/wp\/v2\/media\/67764"}],"wp:attachment":[{"href":"https:\/\/zonaroja.com.mx\/index.php?rest_route=%2Fwp%2Fv2%2Fmedia&parent=68059"}],"wp:term":[{"taxonomy":"category","embeddable":true,"href":"https:\/\/zonaroja.com.mx\/index.php?rest_route=%2Fwp%2Fv2%2Fcategories&post=68059"},{"taxonomy":"post_tag","embeddable":true,"href":"https:\/\/zonaroja.com.mx\/index.php?rest_route=%2Fwp%2Fv2%2Ftags&post=68059"}],"curies":[{"name":"wp","href":"https:\/\/api.w.org\/{rel}","templated":true}]}}