{"id":68061,"date":"2024-05-06T11:18:00","date_gmt":"2024-05-06T17:18:00","guid":{"rendered":"https:\/\/zonaroja.com.mx\/?p=68061"},"modified":"2024-05-06T08:33:21","modified_gmt":"2024-05-06T14:33:21","slug":"hasta-aumento-de-participaciones-a-municipios-pide-la-seccion-22-en-su-pliego-petitorio","status":"publish","type":"post","link":"https:\/\/zonaroja.com.mx\/?p=68061","title":{"rendered":"Hasta aumento de participaciones a municipios pide la Secci\u00f3n 22 en su pliego petitorio"},"content":{"rendered":"\n<p>Ismael Garc\u00eda M.\/Zona Roja.<\/p>\n\n\n\n<p>Oaxaca de Ju\u00e1rez, Oax., a 6 de mayo de 2024.- Adem\u00e1s de m\u00faltiples exigencias econ\u00f3micas, incluidos para sus hijos, la Secci\u00f3n 22 del SNTE abandera que se incrementen los recursos a los municipios. Tambi\u00e9n, exigen 100 por cien de aumento al salario de las y los maestros.<\/p>\n\n\n\n<p>En el \u00faltimo apartado de su pliego petitorio, catalogado como \u201cDemandas sociales\u201d, exige incremento al Ramo 33 federal a los 570 municipios del estada, \u201cque les permita resolver las necesidades educativas en los centros de trabajo en las comunidades\u201d.<\/p>\n\n\n\n<p>Adem\u00e1s, demanda la cancelaci\u00f3n inmediata de los megaproyectos \u201c(nacionales-trasnacionales) que laceran y afectan la calidad de vida, el futuro de las nuevas generaciones, el medio ambiente y los recursos naturales de las comunidades\u201d.<\/p>\n\n\n\n<p>En tanto que en las demandas econ\u00f3micas, demandan la asignaci\u00f3n de becas a los hijos de los trabajadores de la educaci\u00f3n de la Secci\u00f3n 22; cubrir el espacio en los centros de trabajo \u201cde compa\u00f1eros que se beneficien con las becas de comisi\u00f3n\u201d.<\/p>\n\n\n\n<p>Adem\u00e1s, ampliar e implementar el programa Redes-SEP en todos los niveles educativos; reconocer la antig\u00fcedad de los trabajadores del nivel PAAE que fueron recategorizados, para que obtengan el beneficio de los est\u00edmulos.<\/p>\n\n\n\n<p>Entre otras exigencias, insisten en la dotaci\u00f3n de uniformes, \u00fatiles, calzado, materiales did\u00e1cticos y desayunos escolares para los alumnos de todos los niveles educativos.<\/p>\n\n\n\n<p>Tambi\u00e9n construcci\u00f3n, rehabilitaci\u00f3n, mantenimiento y equipamiento de todas las escuelas, albergues e internados en el estado.<\/p>\n\n\n\n<p>En el rubro educativo, reiteran que se debe reconocer el Plan para la Transformaci\u00f3n de la Educaci\u00f3n en Oaxaca (PTEO) dentro de la malla curricular de las escuelas normales.<\/p>\n\n\n\n<p>Piden la creaci\u00f3n de un Instituto Aut\u00f3nomo de Investigaci\u00f3n; en materia de justicia, s\u00f3lo incluyen un punto, que es justicia y castigo inmediato a los culpables materiales e intelectuales de las represiones al magisterio oaxaque\u00f1o y la Asamblea Popular de los Pueblos de Oaxaca, en 2006; la lucha contra la Reforma Educativa en 2013; el boicot electoral en 2015 y la masacre en Nochixtl\u00e1n en 2016.<\/p>\n\n\n\n<p>Entre sus demandas centrales, insisten en la abrogaci\u00f3n de la reforma educativa de Enrique Pe\u00f1a Nieto y sus leyes secundarias; en particular la USICAM. Abrogaci\u00f3n del decreto del 20 de julio de 2015, para el restablecimiento de la bilateralidad normativa; reconocimiento del PTEO; reconocimiento a la Direcci\u00f3n de Pueblos Originarios y a la Direcci\u00f3n de Educaci\u00f3n F\u00edsica.<\/p>\n\n\n\n<p>El escrito de cuatro hojas fue entregado el pasado 1 de mayo, luego de una marcha, al gobernador Salom\u00f3n Jara Cruz y el plazo para las respuestas vence el 15 de mayo, fecha en que iniciar\u00e1n un paro indefinido de labores.<\/p>\n","protected":false},"excerpt":{"rendered":"<p>Ismael Garc\u00eda M.\/Zona Roja. Oaxaca de Ju\u00e1rez, Oax., a 6 de mayo de 2024.- Adem\u00e1s&hellip;<\/p>\n","protected":false},"author":2,"featured_media":68062,"comment_status":"closed","ping_status":"open","sticky":false,"template":"","format":"standard","meta":{"_lmt_disableupdate":"","_lmt_disable":"","_jetpack_memberships_contains_paid_content":false,"footnotes":""},"categories":[109,46],"tags":[312],"class_list":["post-68061","post","type-post","status-publish","format-standard","has-post-thumbnail","hentry","category-minuto-a-minuto","category-zona-blanca","tag-seccion-22-del-snte"],"jetpack_featured_media_url":"https:\/\/zonaroja.com.mx\/wp-content\/uploads\/2024\/05\/Pliego-petitorio-Seccion-22.jpg","jetpack_sharing_enabled":true,"_links":{"self":[{"href":"https:\/\/zonaroja.com.mx\/index.php?rest_route=\/wp\/v2\/posts\/68061","targetHints":{"allow":["GET"]}}],"collection":[{"href":"https:\/\/zonaroja.com.mx\/index.php?rest_route=\/wp\/v2\/posts"}],"about":[{"href":"https:\/\/zonaroja.com.mx\/index.php?rest_route=\/wp\/v2\/types\/post"}],"author":[{"embeddable":true,"href":"https:\/\/zonaroja.com.mx\/index.php?rest_route=\/wp\/v2\/users\/2"}],"replies":[{"embeddable":true,"href":"https:\/\/zonaroja.com.mx\/index.php?rest_route=%2Fwp%2Fv2%2Fcomments&post=68061"}],"version-history":[{"count":1,"href":"https:\/\/zonaroja.com.mx\/index.php?rest_route=\/wp\/v2\/posts\/68061\/revisions"}],"predecessor-version":[{"id":68063,"href":"https:\/\/zonaroja.com.mx\/index.php?rest_route=\/wp\/v2\/posts\/68061\/revisions\/68063"}],"wp:featuredmedia":[{"embeddable":true,"href":"https:\/\/zonaroja.com.mx\/index.php?rest_route=\/wp\/v2\/media\/68062"}],"wp:attachment":[{"href":"https:\/\/zonaroja.com.mx\/index.php?rest_route=%2Fwp%2Fv2%2Fmedia&parent=68061"}],"wp:term":[{"taxonomy":"category","embeddable":true,"href":"https:\/\/zonaroja.com.mx\/index.php?rest_route=%2Fwp%2Fv2%2Fcategories&post=68061"},{"taxonomy":"post_tag","embeddable":true,"href":"https:\/\/zonaroja.com.mx\/index.php?rest_route=%2Fwp%2Fv2%2Ftags&post=68061"}],"curies":[{"name":"wp","href":"https:\/\/api.w.org\/{rel}","templated":true}]}}