{"id":68067,"date":"2024-05-06T13:41:00","date_gmt":"2024-05-06T19:41:00","guid":{"rendered":"https:\/\/zonaroja.com.mx\/?p=68067"},"modified":"2024-05-06T08:44:55","modified_gmt":"2024-05-06T14:44:55","slug":"israel-ordena-el-cierre-de-al-jazeera-y-confisca-su-equipo","status":"publish","type":"post","link":"https:\/\/zonaroja.com.mx\/?p=68067","title":{"rendered":"Israel ordena el cierre de \u201cAl Jazeera\u201d y confisca su equipo"},"content":{"rendered":"\n<p>Redacci\u00f3n\/Zona Roja Cdmx.<\/p>\n\n\n\n<p>Ciudad de M\u00e9xico, a 6 de mayo de 2024.- El primer ministro israel\u00ed, Benjamin Netanyahu, anunci\u00f3 ayer que su gobierno decidi\u00f3 cerrar en Israel el canal de noticias catar\u00ed \u201cAl Jazeera\u201d, al cual calific\u00f3 de \u201cincitador\u201d, y con el cual su administraci\u00f3n mantiene un pulso desde hace mucho tiempo, en lo que la emisora calific\u00f3 de \u201cdecisi\u00f3n criminal\u201d que \u201cviola el derecho a la informaci\u00f3n\u201d, y que fue condenada por la Organizaci\u00f3n de Naciones Unidas (ONU) y agrupaciones de periodistas.<\/p>\n\n\n\n<p>La polic\u00eda allan\u00f3 las oficinas de la cadena en Jerusal\u00e9n y confisc\u00f3 todo su equipo. \u201cAl Jazeera\u201d sali\u00f3 de los principales proveedores de cable y sat\u00e9lite de Israel en las horas posteriores a la orden. Sin embargo, su sitio de Internet y m\u00faltiples enlaces de transmisi\u00f3n en l\u00ednea segu\u00edan funcionando y continu\u00f3 con sus operaciones en Gaza.<\/p>\n\n\n\n<p>\u201cEl gobierno decidi\u00f3 por unanimidad que el canal incitador \u2018Al Jazeera\u2019 ser\u00e1 cerrado en Israel\u201d, public\u00f3 Netanyahu en la red social X.<\/p>\n\n\n\n<p>El ministro de Comunicaciones, Shlomo Karhi, subray\u00f3 que la decisi\u00f3n pone \u201cfin a la m\u00e1quina de incitaci\u00f3n bien aceitada de la televisora\u201d, inform\u00f3 el peri\u00f3dico israel\u00ed Hareetz.<\/p>\n\n\n\n<p>Tel Aviv acusa a \u201cAl Jazeera\u201d de parcialidad y de colaboraci\u00f3n con Hamas, lo que la red (canal y sitio de Internet) rechaza.<\/p>\n\n\n\n<p>La cadena ha informado de manera ininterrumpida sobre la guerra entre Israel y Hamas desde el ataque transfronterizo de los combatientes palestinos el 7 de octubre, y ha mantenido una cobertura de 24 horas en la franja de Gaza en medio de la devastadora ofensiva terrestre de Israel que ha matado y herido a miembros de su propio personal. Si bien incluye informes sobre el terreno sobre las v\u00edctimas de la guerra, su brazo \u00e1rabe a menudo publica declaraciones textuales en video de Hamas y otros grupos armados de la regi\u00f3n.<\/p>\n\n\n\n<p>\u201cLos reporteros de \u2018Al Jazeera\u2019 da\u00f1aron la seguridad de Israel e incitaron contra los soldados\u201d, coment\u00f3 Netanyahu en un comunicado. \u201cEs hora de retirar al portavoz de Hamas de nuestro pa\u00eds\u201d.<\/p>\n\n\n\n<p>\u201cAl Jazzera\u201d se\u00f1al\u00f3 en un comunicado difundido con fondo negro: \u201cla continua represi\u00f3n de Israel hacia la prensa libre, que se considera un intento de ocultar sus acciones en la franja de Gaza, contravienen el derecho internacional y humanitario. Los ataques y asesinatos directos de periodistas, arrestos, intimidaciones y amenazas de Israel no disuadir\u00e1n a \u201cAl Jazeera\u201d de su compromiso de cobertura, mientras m\u00e1s de 140 periodistas palestinos han sido asesinados desde el comienzo de la guerra en Gaza\u201d.<\/p>\n\n\n\n<p>La televisora rechaz\u00f3 las acusaciones de autoridades israel\u00edes que \u201csugieren que se han violado las normas profesionales de los medios de comunicaci\u00f3n. Reafirma su compromiso inquebrantable con los valores incorporados en su c\u00f3digo de \u00e9tica\u201d.<\/p>\n\n\n\n<p>(Informaci\u00f3n de agencias internacionales en \u201cLa Jornada\u201d)<\/p>\n","protected":false},"excerpt":{"rendered":"<p>Redacci\u00f3n\/Zona Roja Cdmx. Ciudad de M\u00e9xico, a 6 de mayo de 2024.- El primer ministro&hellip;<\/p>\n","protected":false},"author":2,"featured_media":68068,"comment_status":"closed","ping_status":"open","sticky":false,"template":"","format":"standard","meta":{"_lmt_disableupdate":"","_lmt_disable":"","_jetpack_memberships_contains_paid_content":false,"footnotes":""},"categories":[109,47],"tags":[3929,2668],"class_list":["post-68067","post","type-post","status-publish","format-standard","has-post-thumbnail","hentry","category-minuto-a-minuto","category-zona-gris","tag-al-jazeera","tag-conflicto-gaza-israel"],"jetpack_featured_media_url":"https:\/\/zonaroja.com.mx\/wp-content\/uploads\/2024\/05\/Al-Jazeera.jpeg","jetpack_sharing_enabled":true,"_links":{"self":[{"href":"https:\/\/zonaroja.com.mx\/index.php?rest_route=\/wp\/v2\/posts\/68067","targetHints":{"allow":["GET"]}}],"collection":[{"href":"https:\/\/zonaroja.com.mx\/index.php?rest_route=\/wp\/v2\/posts"}],"about":[{"href":"https:\/\/zonaroja.com.mx\/index.php?rest_route=\/wp\/v2\/types\/post"}],"author":[{"embeddable":true,"href":"https:\/\/zonaroja.com.mx\/index.php?rest_route=\/wp\/v2\/users\/2"}],"replies":[{"embeddable":true,"href":"https:\/\/zonaroja.com.mx\/index.php?rest_route=%2Fwp%2Fv2%2Fcomments&post=68067"}],"version-history":[{"count":1,"href":"https:\/\/zonaroja.com.mx\/index.php?rest_route=\/wp\/v2\/posts\/68067\/revisions"}],"predecessor-version":[{"id":68069,"href":"https:\/\/zonaroja.com.mx\/index.php?rest_route=\/wp\/v2\/posts\/68067\/revisions\/68069"}],"wp:featuredmedia":[{"embeddable":true,"href":"https:\/\/zonaroja.com.mx\/index.php?rest_route=\/wp\/v2\/media\/68068"}],"wp:attachment":[{"href":"https:\/\/zonaroja.com.mx\/index.php?rest_route=%2Fwp%2Fv2%2Fmedia&parent=68067"}],"wp:term":[{"taxonomy":"category","embeddable":true,"href":"https:\/\/zonaroja.com.mx\/index.php?rest_route=%2Fwp%2Fv2%2Fcategories&post=68067"},{"taxonomy":"post_tag","embeddable":true,"href":"https:\/\/zonaroja.com.mx\/index.php?rest_route=%2Fwp%2Fv2%2Ftags&post=68067"}],"curies":[{"name":"wp","href":"https:\/\/api.w.org\/{rel}","templated":true}]}}