{"id":6807,"date":"2019-12-19T21:49:27","date_gmt":"2019-12-20T03:49:27","guid":{"rendered":"http:\/\/www.zonaroja.com.mx\/?p=6807"},"modified":"2019-12-19T21:49:30","modified_gmt":"2019-12-20T03:49:30","slug":"con-ocho-robos-a-cuestas-denuncia-ante-fiscalia-ya-no-es-opcion-para-comerciante","status":"publish","type":"post","link":"https:\/\/zonaroja.com.mx\/?p=6807","title":{"rendered":"Con ocho robos a cuestas, denuncia ante Fiscal\u00eda ya no es opci\u00f3n para comerciante"},"content":{"rendered":"\n<p>Redacci\u00f3n\/Zona Roja.<\/p>\n\n\n\n<p>Ciudad de Oaxaca, 19 de diciembre de\n2019.- \u201cMucha inseguridad y eso que yo soy muy puntual para pagar mis impuestos,\npero no hay polic\u00edas\u201d dice do\u00f1a Sof\u00eda V\u00e1squez Ram\u00edrez due\u00f1a del comercio \u201cLa\nQuebrada\u201d con venta de mariscos y bebidas desde hace m\u00e1s de 50 a\u00f1os, ubicado a\ndos cuadras del z\u00f3calo, el cual&nbsp; fue\nasaltado por octava ocasi\u00f3n.<\/p>\n\n\n\n<p>Los hechos se registraron presuntamente\npor la noche del martes 17 de diciembre, ya el mi\u00e9rcoles por la ma\u00f1ana al abrir\nel establecimiento, notaron el robo de alrededor de 60 mil pesos, incluidas\nbebidas alcoh\u00f3licas y productos del mar que se encontraban en los\nrefrigeradores.<\/p>\n\n\n\n<p>Sin forzar la cerradura y al parecer\ncon todo el equipo que les permite entrar y salir del lugar sin ninguna\ncomplicaci\u00f3n, as\u00ed se registr\u00f3 el segundo robo del que son v\u00edctimas este 2019,\nsin embargo han sido ocho asaltos en total en los \u00faltimos a\u00f1os debido al\naumento de la inseguridad en el centro de la ciudad.<\/p>\n\n\n\n<p>Al lugar arribaron elementos de\nseguridad quienes no acordonaron el lugar de los hechos, \u00fanicamente se\nlimitaron a tomar datos e invitar a la mujer que acudiera a denunciar ante el\nMinisterio P\u00fablico, a lo cual definitivamente no accedi\u00f3 debido a la p\u00e9rdida de\ntiempo que implica y la falta de respuesta que han tenido los procesos\nanteriores iniciados ante la Fiscal\u00eda General de Justicia.<\/p>\n\n\n\n<p>\u201cYa no me quedan ganas de denunciar,\nah\u00ed tienen archivadas mis denuncias y no ha aparecido en todos los a\u00f1os\nanteriores ning\u00fan sospechoso, ning\u00fan culpable\u201d, dijo la mujer comerciante.<\/p>\n\n\n\n<p>Sof\u00eda V\u00e1squez cuestion\u00f3 el actuar en\nmateria de seguridad, ya que asegura los niveles de delincuencia han\nincrementado en el primer cuadro de la ciudad, en donde se suma la falta de\nluminarias que contribuye a que los actos delictivos se sigan perpetrando.<\/p>\n\n\n\n<p>Lament\u00f3 que \u201cLa Quebrada\u201d un lugar\nlleno de tradici\u00f3n, con m\u00e1s de 50 a\u00f1os de existencia y donde llegan personas de\ntodas partes del pa\u00eds a recordar viejos tiempos tenga que sufrir por octava\nocasi\u00f3n un evento violento de esta naturaleza que pone en riesgo el empleo de\nm\u00e1s de seis personas, en una de las mejores temporadas para la venta.<\/p>\n\n\n\n<p>\u201cSe nota como la delincuencia se ha\nincrementado y la inseguridad. Derechos Humanos es muy bueno, pero s\u00ed defienden\nm\u00e1s a los delincuentes que a nosotros estamos fritos\u201d, sentenci\u00f3.<\/p>\n","protected":false},"excerpt":{"rendered":"<p>Redacci\u00f3n\/Zona Roja. Ciudad de Oaxaca, 19 de diciembre de 2019.- \u201cMucha inseguridad y eso que&hellip;<\/p>\n","protected":false},"author":2,"featured_media":6808,"comment_status":"closed","ping_status":"open","sticky":false,"template":"","format":"standard","meta":{"_lmt_disableupdate":"","_lmt_disable":"","_jetpack_memberships_contains_paid_content":false,"footnotes":""},"categories":[109,51],"tags":[148],"class_list":["post-6807","post","type-post","status-publish","format-standard","has-post-thumbnail","hentry","category-minuto-a-minuto","category-zona-roja","tag-oaxaca-de-juarez"],"jetpack_featured_media_url":"https:\/\/zonaroja.com.mx\/wp-content\/uploads\/2019\/12\/IMG_0887.jpg","jetpack_sharing_enabled":true,"_links":{"self":[{"href":"https:\/\/zonaroja.com.mx\/index.php?rest_route=\/wp\/v2\/posts\/6807","targetHints":{"allow":["GET"]}}],"collection":[{"href":"https:\/\/zonaroja.com.mx\/index.php?rest_route=\/wp\/v2\/posts"}],"about":[{"href":"https:\/\/zonaroja.com.mx\/index.php?rest_route=\/wp\/v2\/types\/post"}],"author":[{"embeddable":true,"href":"https:\/\/zonaroja.com.mx\/index.php?rest_route=\/wp\/v2\/users\/2"}],"replies":[{"embeddable":true,"href":"https:\/\/zonaroja.com.mx\/index.php?rest_route=%2Fwp%2Fv2%2Fcomments&post=6807"}],"version-history":[{"count":1,"href":"https:\/\/zonaroja.com.mx\/index.php?rest_route=\/wp\/v2\/posts\/6807\/revisions"}],"predecessor-version":[{"id":6809,"href":"https:\/\/zonaroja.com.mx\/index.php?rest_route=\/wp\/v2\/posts\/6807\/revisions\/6809"}],"wp:featuredmedia":[{"embeddable":true,"href":"https:\/\/zonaroja.com.mx\/index.php?rest_route=\/wp\/v2\/media\/6808"}],"wp:attachment":[{"href":"https:\/\/zonaroja.com.mx\/index.php?rest_route=%2Fwp%2Fv2%2Fmedia&parent=6807"}],"wp:term":[{"taxonomy":"category","embeddable":true,"href":"https:\/\/zonaroja.com.mx\/index.php?rest_route=%2Fwp%2Fv2%2Fcategories&post=6807"},{"taxonomy":"post_tag","embeddable":true,"href":"https:\/\/zonaroja.com.mx\/index.php?rest_route=%2Fwp%2Fv2%2Ftags&post=6807"}],"curies":[{"name":"wp","href":"https:\/\/api.w.org\/{rel}","templated":true}]}}