{"id":68078,"date":"2024-05-06T21:48:58","date_gmt":"2024-05-07T03:48:58","guid":{"rendered":"https:\/\/zonaroja.com.mx\/?p=68078"},"modified":"2024-05-06T21:49:00","modified_gmt":"2024-05-07T03:49:00","slug":"inicia-la-semana-con-multiples-bloqueos-y-protestas-en-oaxaca","status":"publish","type":"post","link":"https:\/\/zonaroja.com.mx\/?p=68078","title":{"rendered":"Inicia la semana con m\u00faltiples bloqueos y protestas en Oaxaca"},"content":{"rendered":"\n<p>Raymundo Morales\/Zona Roja.<\/p>\n\n\n\n<p>Oaxaca de Ju\u00e1rez, Oax., a 6 de mayo de 2024.- Al menos una docena de protestas y bloqueo de vialidades, principalmente en la regi\u00f3n Valles Centrales, vivi\u00f3 Oaxaca este lunes, como cada inicio de semana.<\/p>\n\n\n\n<p>Desde las 05:00 horas, un grupo de personas se apoder\u00f3 de la caseta de peaje Huitzo de la supercarretera Oaxaca-M\u00e9xico, para cobrar sus propias cuotas; luego de varias horas se retiraron, sin que fueran molestados o retirados por la Guardia Nacional.<\/p>\n\n\n\n<p>En la ciudad de Oaxaca, poco despu\u00e9s de las 07:00 horas, afiliados a la organizaci\u00f3n social \u201cLubhiza\u201d bloque\u00f3 los accesos al Palacio de Gobierno, para exigir una audiencia con las autoridades estatales, a fin de exponer sus demandas.<\/p>\n\n\n\n<p>Poco despu\u00e9s arribaron integrantes de la Alianza de los Pueblos de Oaxaca, para denunciar un conflicto interno con la organizaci\u00f3n Codep, por lo cual se sumaron a los bloqueos de la sede del Poder Ejecutivo, sin impedir el acceso o salida de personas del inmueble.<\/p>\n\n\n\n<p>Cerca del mediod\u00eda arribaron jubilados afiliados a la Secci\u00f3n 22 del SNTE a instalarse en \u201cplant\u00f3n\u201d en los corredores del Palacio de Gobierno, en demanda de que el IEEPO les otorgue plazas que debieron heredar a sus hijos o familiares.<\/p>\n\n\n\n<p>En la sede del Sistema Operador de Agua Potable y Alcantarillado (SOAPA) en la capital, lleg\u00f3 un grupo de colonos de la agencia de Pueblo Nuevo, para exigir dotaci\u00f3n del vital l\u00edquido; no impidieron el tr\u00e1nsito vehicular.<\/p>\n\n\n\n<p>Mientras que en el z\u00f3calo se manifestaron personas de San Pedro Ixtlahuaca, que se presentaron como padres de familia con hijos en el jard\u00edn de ni\u00f1os \u201cRicardo Flores Mag\u00f3n\u201d, a fin de demandar el cambio de plantilla educativa.<\/p>\n\n\n\n<p>EN REGIONES<\/p>\n\n\n\n<p>Por otra parte, un grupo de habitantes de la colonia Hidalgo del municipio de Teotitl\u00e1n de Flores Mag\u00f3n, en la regi\u00f3n Sierra de Flores Mag\u00f3n, bloque\u00f3 la v\u00eda federal de la zona mazateca, para exigir el pago a un trabajador del sistema de agua potable.<\/p>\n\n\n\n<p>Mientras que en Huajuapan de Le\u00f3n, afiliados a la Confederaci\u00f3n Internacional de Trabajadores de Oaxaca (CIT) protestaron de manera pac\u00edfica para exigir respeto al contrato de obra con la empresa Coppel.<\/p>\n\n\n\n<p>En tanto que en el municipio de Salina Cruz, trabajadores del Sistema de Agua Potable (SAP) efectuaron un paro de labores para exigir reconocimiento a 20 empleados sindicalizados.<\/p>\n","protected":false},"excerpt":{"rendered":"<p>Raymundo Morales\/Zona Roja. Oaxaca de Ju\u00e1rez, Oax., a 6 de mayo de 2024.- Al menos&hellip;<\/p>\n","protected":false},"author":2,"featured_media":68080,"comment_status":"closed","ping_status":"open","sticky":false,"template":"","format":"standard","meta":{"_lmt_disableupdate":"","_lmt_disable":"","_jetpack_memberships_contains_paid_content":false,"footnotes":""},"categories":[109,47],"tags":[2264],"class_list":["post-68078","post","type-post","status-publish","format-standard","has-post-thumbnail","hentry","category-minuto-a-minuto","category-zona-gris","tag-bloqueos-y-protestas-oaxaca"],"jetpack_featured_media_url":"https:\/\/zonaroja.com.mx\/wp-content\/uploads\/2024\/05\/Bloqueos-Oaxaca-6-de-mayo.jpg","jetpack_sharing_enabled":true,"_links":{"self":[{"href":"https:\/\/zonaroja.com.mx\/index.php?rest_route=\/wp\/v2\/posts\/68078","targetHints":{"allow":["GET"]}}],"collection":[{"href":"https:\/\/zonaroja.com.mx\/index.php?rest_route=\/wp\/v2\/posts"}],"about":[{"href":"https:\/\/zonaroja.com.mx\/index.php?rest_route=\/wp\/v2\/types\/post"}],"author":[{"embeddable":true,"href":"https:\/\/zonaroja.com.mx\/index.php?rest_route=\/wp\/v2\/users\/2"}],"replies":[{"embeddable":true,"href":"https:\/\/zonaroja.com.mx\/index.php?rest_route=%2Fwp%2Fv2%2Fcomments&post=68078"}],"version-history":[{"count":1,"href":"https:\/\/zonaroja.com.mx\/index.php?rest_route=\/wp\/v2\/posts\/68078\/revisions"}],"predecessor-version":[{"id":68081,"href":"https:\/\/zonaroja.com.mx\/index.php?rest_route=\/wp\/v2\/posts\/68078\/revisions\/68081"}],"wp:featuredmedia":[{"embeddable":true,"href":"https:\/\/zonaroja.com.mx\/index.php?rest_route=\/wp\/v2\/media\/68080"}],"wp:attachment":[{"href":"https:\/\/zonaroja.com.mx\/index.php?rest_route=%2Fwp%2Fv2%2Fmedia&parent=68078"}],"wp:term":[{"taxonomy":"category","embeddable":true,"href":"https:\/\/zonaroja.com.mx\/index.php?rest_route=%2Fwp%2Fv2%2Fcategories&post=68078"},{"taxonomy":"post_tag","embeddable":true,"href":"https:\/\/zonaroja.com.mx\/index.php?rest_route=%2Fwp%2Fv2%2Ftags&post=68078"}],"curies":[{"name":"wp","href":"https:\/\/api.w.org\/{rel}","templated":true}]}}