{"id":68082,"date":"2024-05-06T22:11:04","date_gmt":"2024-05-07T04:11:04","guid":{"rendered":"https:\/\/zonaroja.com.mx\/?p=68082"},"modified":"2024-05-06T22:11:06","modified_gmt":"2024-05-07T04:11:06","slug":"pide-nino-morales-seguir-abonando-a-la-transformacion-de-oaxaca-y-de-mexico","status":"publish","type":"post","link":"https:\/\/zonaroja.com.mx\/?p=68082","title":{"rendered":"Pide Nino Morales seguir abonando a la transformaci\u00f3n de Oaxaca y de M\u00e9xico"},"content":{"rendered":"\n<p>Redacci\u00f3n\/Zona Roja.<\/p>\n\n\n\n<p>Oaxaca de Ju\u00e1rez, Oax., a 6 de mayo de 2024.- Desde la regi\u00f3n Costa, Antonino Morales Toledo pidi\u00f3 a los oaxaque\u00f1os seguir abonando a la transformaci\u00f3n de Oaxaca y de M\u00e9xico, a trav\u00e9s de Morena.<\/p>\n\n\n\n<p>El candidato al Senado de la Rep\u00fablica estuvo en Santiago Tetepec, donde hizo un llamado a votar este 2 de junio por todo todos los postulados por el Movimiento de Regeneraci\u00f3n Nacional.<\/p>\n\n\n\n<p>\u00abLos invito a que este 2 de junio votemos por todos los candidatos, por las cinco boletas, desde la candidata a diputada local Clarissa, el profesor Obed Cruz y Damaris Dom\u00ednguez, candidata diputada federal\u00bb, se\u00f1al\u00f3.<\/p>\n\n\n\n<p>\u201cDebemos seguir abonando a todo lo que ha hecho nuestro presidente para el bienestar de Oaxaca, vamos por buen camino. Tengan la seguridad que a Oaxaca le va a ir bien con la doctora Claudia Sheinbaum Pardo\u00bb, destac\u00f3.<\/p>\n\n\n\n<p>En el evento, Morales Toledo indic\u00f3 la importancia de la participaci\u00f3n ciudadana y el compromiso con el proyecto de naci\u00f3n que encabeza Morena, enfatizando que la unidad y el trabajo en equipo son fundamentales para alcanzar los objetivos de desarrollo y progreso para el estado y el pa\u00eds.<\/p>\n\n\n\n<p>El candidato morenista recorri\u00f3 los municipios de Santiago Tetepec, Santiago Jamiltepec, Santa Mar\u00eda Huazolotitl\u00e1n y San Andr\u00e9s Huaxpaltepec.<\/p>\n\n\n\n<p>En tanto que en la Villa de Tututepec, sostuvo que con la doctora Claudia Sheinbaum en la Presidencia de M\u00e9xico, la regi\u00f3n de la Costa contar\u00e1 con una carretera de cuatro carriles que sin duda, mejorar\u00e1 la conectividad en el estado.<\/p>\n\n\n\n<p>En su gira proselitista por esta zona del estado, el joven pol\u00edtico y fundador de Morena, habl\u00f3 de los grandes compromisos que la candidata de la coalici\u00f3n \u201cSigamos Haciendo Historia\u201d, tiene para cada regi\u00f3n del estado&nbsp;<\/p>\n\n\n\n<p>Nino Morales, resalt\u00f3 que \u00abtodo va por buen camino\u00bb, al tiempo de convocar a cerrar filas entorno al gran movimiento transformador, saliendo a votar este pr\u00f3ximo domingo 2 de junio y hacerlo por Morena.<\/p>\n\n\n\n<p>El candidato &nbsp;morenista, se\u00f1al\u00f3 que la carretera costera saldr\u00e1 del puerto de Salina Cruz con direcci\u00f3n al estado vecino de Guerrero, y que sin duda, traer\u00e1 grandes beneficios en movilidad, econom\u00eda, servicios y bienestar a las familias.<\/p>\n","protected":false},"excerpt":{"rendered":"<p>Redacci\u00f3n\/Zona Roja. Oaxaca de Ju\u00e1rez, Oax., a 6 de mayo de 2024.- Desde la regi\u00f3n&hellip;<\/p>\n","protected":false},"author":2,"featured_media":68083,"comment_status":"closed","ping_status":"open","sticky":false,"template":"","format":"standard","meta":{"_lmt_disableupdate":"","_lmt_disable":"","_jetpack_memberships_contains_paid_content":false,"footnotes":""},"categories":[109,46],"tags":[180],"class_list":["post-68082","post","type-post","status-publish","format-standard","has-post-thumbnail","hentry","category-minuto-a-minuto","category-zona-blanca","tag-antonino-morales-toledo"],"jetpack_featured_media_url":"https:\/\/zonaroja.com.mx\/wp-content\/uploads\/2024\/05\/Antonino-Morales-en-Santiago-Tetepec.jpeg","jetpack_sharing_enabled":true,"_links":{"self":[{"href":"https:\/\/zonaroja.com.mx\/index.php?rest_route=\/wp\/v2\/posts\/68082","targetHints":{"allow":["GET"]}}],"collection":[{"href":"https:\/\/zonaroja.com.mx\/index.php?rest_route=\/wp\/v2\/posts"}],"about":[{"href":"https:\/\/zonaroja.com.mx\/index.php?rest_route=\/wp\/v2\/types\/post"}],"author":[{"embeddable":true,"href":"https:\/\/zonaroja.com.mx\/index.php?rest_route=\/wp\/v2\/users\/2"}],"replies":[{"embeddable":true,"href":"https:\/\/zonaroja.com.mx\/index.php?rest_route=%2Fwp%2Fv2%2Fcomments&post=68082"}],"version-history":[{"count":1,"href":"https:\/\/zonaroja.com.mx\/index.php?rest_route=\/wp\/v2\/posts\/68082\/revisions"}],"predecessor-version":[{"id":68084,"href":"https:\/\/zonaroja.com.mx\/index.php?rest_route=\/wp\/v2\/posts\/68082\/revisions\/68084"}],"wp:featuredmedia":[{"embeddable":true,"href":"https:\/\/zonaroja.com.mx\/index.php?rest_route=\/wp\/v2\/media\/68083"}],"wp:attachment":[{"href":"https:\/\/zonaroja.com.mx\/index.php?rest_route=%2Fwp%2Fv2%2Fmedia&parent=68082"}],"wp:term":[{"taxonomy":"category","embeddable":true,"href":"https:\/\/zonaroja.com.mx\/index.php?rest_route=%2Fwp%2Fv2%2Fcategories&post=68082"},{"taxonomy":"post_tag","embeddable":true,"href":"https:\/\/zonaroja.com.mx\/index.php?rest_route=%2Fwp%2Fv2%2Ftags&post=68082"}],"curies":[{"name":"wp","href":"https:\/\/api.w.org\/{rel}","templated":true}]}}