{"id":68085,"date":"2024-05-06T22:28:44","date_gmt":"2024-05-07T04:28:44","guid":{"rendered":"https:\/\/zonaroja.com.mx\/?p=68085"},"modified":"2024-05-06T22:28:47","modified_gmt":"2024-05-07T04:28:47","slug":"rebasa-oaxaca-las-71-mil-hectareas-afectadas-por-incendios-forestales","status":"publish","type":"post","link":"https:\/\/zonaroja.com.mx\/?p=68085","title":{"rendered":"Rebasa Oaxaca las 71 mil hect\u00e1reas afectadas por incendios forestales"},"content":{"rendered":"\n<p>Ismael Garc\u00eda M.\/Zona Roja.<\/p>\n\n\n\n<p>Oaxaca de Ju\u00e1rez, Oax., 6 de mayo de 2024.- Oaxaca contin\u00faa en el primer lugar nacional por superficie afectada por incendios forestales, con 71 mil 281 hect\u00e1reas, casi la mitad de ellas en la zona de los Chimalapas.<\/p>\n\n\n\n<p>De acuerdo con el informe que rindi\u00f3 hoy la directora de la Comisi\u00f3n Estatal Forestal (Coesfo), Magdalena Coello, hasta esta ma\u00f1ana hab\u00eda 13 incendios registrados, varios de ellos bajo control.<\/p>\n\n\n\n<p>Uno de ellos se registra en zonas monta\u00f1osas de San Pedro Pochutla y por lo cual los pobladores de la agencia Benito Ju\u00e1rez prev\u00e9n bloquear la v\u00eda federal 200 de la Costa, para exigir mayor apoyo al combate a la conflagraci\u00f3n.<\/p>\n\n\n\n<p>Durante la conferencia semanal del gobernador Salom\u00f3n Jara Cruz, la funcionaria precis\u00f3 que durante este a\u00f1o se han presentado 146 incendios forestales y 20 de pastizales.<\/p>\n\n\n\n<p>Del total de superficie afectada, s\u00f3lo en la zonas de Santa Mar\u00eda y San Miguel Chimalapa, donde hubo conflagraciones que duraron hasta un mes, se siniestrado 33 mil hect\u00e1reas, mientras que en la zona Chontal del estado fueron m\u00e1s de 12 mil hect\u00e1reas.<\/p>\n\n\n\n<p>El mes de marzo fue el de mayores incendios, con 56, que perjudicaron 43 mil 142 hect\u00e1reas.<\/p>\n\n\n\n<p>Indic\u00f3 que paralelamente se han efectuado diversas acciones preventivas, como la capacitaci\u00f3n de campesinos, para optar por otras t\u00e9cnicas de preparaci\u00f3n de las tierras para la siembra.<\/p>\n\n\n\n<p>Confi\u00f3 adem\u00e1s en que con el pr\u00f3ximo inicio de la temporada lluvia, disminuyan de manera sensible los incendios forestales.<\/p>\n","protected":false},"excerpt":{"rendered":"<p>Ismael Garc\u00eda M.\/Zona Roja. Oaxaca de Ju\u00e1rez, Oax., 6 de mayo de 2024.- Oaxaca contin\u00faa&hellip;<\/p>\n","protected":false},"author":2,"featured_media":65219,"comment_status":"closed","ping_status":"open","sticky":false,"template":"","format":"standard","meta":{"_lmt_disableupdate":"","_lmt_disable":"","_jetpack_memberships_contains_paid_content":false,"footnotes":""},"categories":[109,47],"tags":[1256],"class_list":["post-68085","post","type-post","status-publish","format-standard","has-post-thumbnail","hentry","category-minuto-a-minuto","category-zona-gris","tag-incendios-forestales-oaxaca"],"jetpack_featured_media_url":"https:\/\/zonaroja.com.mx\/wp-content\/uploads\/2024\/02\/FOTO-5-Atiende-Gobierno-de-Oaxaca-incendios-forestales-suscitados-en-la-entidad-.jpeg","jetpack_sharing_enabled":true,"_links":{"self":[{"href":"https:\/\/zonaroja.com.mx\/index.php?rest_route=\/wp\/v2\/posts\/68085","targetHints":{"allow":["GET"]}}],"collection":[{"href":"https:\/\/zonaroja.com.mx\/index.php?rest_route=\/wp\/v2\/posts"}],"about":[{"href":"https:\/\/zonaroja.com.mx\/index.php?rest_route=\/wp\/v2\/types\/post"}],"author":[{"embeddable":true,"href":"https:\/\/zonaroja.com.mx\/index.php?rest_route=\/wp\/v2\/users\/2"}],"replies":[{"embeddable":true,"href":"https:\/\/zonaroja.com.mx\/index.php?rest_route=%2Fwp%2Fv2%2Fcomments&post=68085"}],"version-history":[{"count":1,"href":"https:\/\/zonaroja.com.mx\/index.php?rest_route=\/wp\/v2\/posts\/68085\/revisions"}],"predecessor-version":[{"id":68086,"href":"https:\/\/zonaroja.com.mx\/index.php?rest_route=\/wp\/v2\/posts\/68085\/revisions\/68086"}],"wp:featuredmedia":[{"embeddable":true,"href":"https:\/\/zonaroja.com.mx\/index.php?rest_route=\/wp\/v2\/media\/65219"}],"wp:attachment":[{"href":"https:\/\/zonaroja.com.mx\/index.php?rest_route=%2Fwp%2Fv2%2Fmedia&parent=68085"}],"wp:term":[{"taxonomy":"category","embeddable":true,"href":"https:\/\/zonaroja.com.mx\/index.php?rest_route=%2Fwp%2Fv2%2Fcategories&post=68085"},{"taxonomy":"post_tag","embeddable":true,"href":"https:\/\/zonaroja.com.mx\/index.php?rest_route=%2Fwp%2Fv2%2Ftags&post=68085"}],"curies":[{"name":"wp","href":"https:\/\/api.w.org\/{rel}","templated":true}]}}