{"id":68090,"date":"2024-05-07T07:03:54","date_gmt":"2024-05-07T13:03:54","guid":{"rendered":"https:\/\/zonaroja.com.mx\/?p=68090"},"modified":"2024-05-07T07:03:56","modified_gmt":"2024-05-07T13:03:56","slug":"jovenes-los-dos-muertos-por-ola-de-calor-en-oaxaca","status":"publish","type":"post","link":"https:\/\/zonaroja.com.mx\/?p=68090","title":{"rendered":"J\u00f3venes, los dos muertos por ola de calor en Oaxaca"},"content":{"rendered":"\n<p>Raymundo Morales\/Zona Roja.<\/p>\n\n\n\n<p>Oaxaca de Ju\u00e1rez, Oax., a 7 de mayo de 2024.- De 18 y de 20 a\u00f1os de edad son los j\u00f3venes que han perdido la vida en Oaxaca a causa de la ola de calor este a\u00f1o.<\/p>\n\n\n\n<p>De acuerdo con datos de los Servicios de Salud de Oaxaca (SSO), durante el 2024 suman 10 casos de personas atendidas en hospitales debido al impacto de las altas temperaturas, seis por deshidrataci\u00f3n y cuatro por golpe de calor.<\/p>\n\n\n\n<p>Uno de los decesos ocurri\u00f3 en San Pedro Tapanatepec, municipio de la regi\u00f3n del Istmo de Tehuantepec, de un joven de 18 a\u00f1os de edad, de ocupaci\u00f3n campesino.<\/p>\n\n\n\n<p>La otra muerte sucedi\u00f3 en Santa Mar\u00eda Huatulco, con una persona del sexo masculino de 20 a\u00f1os de edad, debido a la intensa ola de calor, inform\u00f3 la titular de la dependencia, Alma Lilia Velasco.<\/p>\n\n\n\n<p>Durante la conferencia de prensa del gobernador Salom\u00f3n Jara Cruz, la funcionaria advirti\u00f3 las altas temperaturas continuar\u00e1n, por lo cual recomend\u00f3 a la poblaci\u00f3n en general tomar las previsiones debidas.<\/p>\n\n\n\n<p>Indic\u00f3 que resulta indispensable proteger a la poblaci\u00f3n vulnerable como las infancias, personas adultas mayores, con discapacidades, enfermas, gestantes, deportistas, en condici\u00f3n de calle, en situaci\u00f3n de movilidad o que trabajan al aire libre.<\/p>\n\n\n\n<p>Estas condiciones de calor extremo generan deshidrataci\u00f3n, agotamiento por calor, golpe de calor y quemaduras a causa de los rayos solares intensos que, si llegan a complicarse, ocasionan enfermedades respiratorias, cardiovasculares y diabetes mellitus. Cabe recordar que esta temporada propicia malestares diarreicos.<\/p>\n\n\n\n<p>Por ello, es adecuado consumir abundante agua simple, aun cuando no se tenga sed, usar ropa ligera de tonos claros, evitar exponerse al sol entre las 11:00 y 15:00 horas; utilizar gorra o sombrero, lentes de sol y sombrilla, permanecer en lugares frescos, a la sombra y bien ventilados, as\u00ed como no dejar a las personas o animales dentro de los veh\u00edculos estacionados bajo el sol.<\/p>\n\n\n\n<p>Aunado a estas acciones, se debe prestar atenci\u00f3n a los alimentos que se consumen para prevenir enfermedades infecciosas; lavarse las manos antes de comer, servir y preparar los mismos, o despu\u00e9s de ir al ba\u00f1o. Adem\u00e1s de desinfectar las verduras y frutas antes de su consumo.<\/p>\n\n\n\n<p>Ante s\u00edntomas de golpe de calor como piel roja y seca, v\u00f3mito frecuente, dificultad para respirar, temperatura superior a 39 grados, convulsiones, dolor de cabeza, mareo y p\u00e9rdida del conocimiento, se debe evitar auto medicarse y acudir al m\u00e9dico para recibir la atenci\u00f3n correspondiente.<\/p>\n","protected":false},"excerpt":{"rendered":"<p>Raymundo Morales\/Zona Roja. Oaxaca de Ju\u00e1rez, Oax., a 7 de mayo de 2024.- De 18&hellip;<\/p>\n","protected":false},"author":2,"featured_media":68091,"comment_status":"closed","ping_status":"open","sticky":false,"template":"","format":"standard","meta":{"_lmt_disableupdate":"","_lmt_disable":"","_jetpack_memberships_contains_paid_content":false,"footnotes":""},"categories":[109,47],"tags":[3583],"class_list":["post-68090","post","type-post","status-publish","format-standard","has-post-thumbnail","hentry","category-minuto-a-minuto","category-zona-gris","tag-ola-de-calor"],"jetpack_featured_media_url":"https:\/\/zonaroja.com.mx\/wp-content\/uploads\/2024\/05\/Ola-de-calor.jpeg","jetpack_sharing_enabled":true,"_links":{"self":[{"href":"https:\/\/zonaroja.com.mx\/index.php?rest_route=\/wp\/v2\/posts\/68090","targetHints":{"allow":["GET"]}}],"collection":[{"href":"https:\/\/zonaroja.com.mx\/index.php?rest_route=\/wp\/v2\/posts"}],"about":[{"href":"https:\/\/zonaroja.com.mx\/index.php?rest_route=\/wp\/v2\/types\/post"}],"author":[{"embeddable":true,"href":"https:\/\/zonaroja.com.mx\/index.php?rest_route=\/wp\/v2\/users\/2"}],"replies":[{"embeddable":true,"href":"https:\/\/zonaroja.com.mx\/index.php?rest_route=%2Fwp%2Fv2%2Fcomments&post=68090"}],"version-history":[{"count":1,"href":"https:\/\/zonaroja.com.mx\/index.php?rest_route=\/wp\/v2\/posts\/68090\/revisions"}],"predecessor-version":[{"id":68092,"href":"https:\/\/zonaroja.com.mx\/index.php?rest_route=\/wp\/v2\/posts\/68090\/revisions\/68092"}],"wp:featuredmedia":[{"embeddable":true,"href":"https:\/\/zonaroja.com.mx\/index.php?rest_route=\/wp\/v2\/media\/68091"}],"wp:attachment":[{"href":"https:\/\/zonaroja.com.mx\/index.php?rest_route=%2Fwp%2Fv2%2Fmedia&parent=68090"}],"wp:term":[{"taxonomy":"category","embeddable":true,"href":"https:\/\/zonaroja.com.mx\/index.php?rest_route=%2Fwp%2Fv2%2Fcategories&post=68090"},{"taxonomy":"post_tag","embeddable":true,"href":"https:\/\/zonaroja.com.mx\/index.php?rest_route=%2Fwp%2Fv2%2Ftags&post=68090"}],"curies":[{"name":"wp","href":"https:\/\/api.w.org\/{rel}","templated":true}]}}