{"id":68100,"date":"2024-05-07T09:40:00","date_gmt":"2024-05-07T15:40:00","guid":{"rendered":"https:\/\/zonaroja.com.mx\/?p=68100"},"modified":"2024-05-07T07:55:57","modified_gmt":"2024-05-07T13:55:57","slug":"caravana-de-2000-migrantes-esta-a-100-kilometros-de-la-capital-de-oaxaca","status":"publish","type":"post","link":"https:\/\/zonaroja.com.mx\/?p=68100","title":{"rendered":"Caravana de 2,000 migrantes est\u00e1 a 100 kil\u00f3metros de la capital de Oaxaca"},"content":{"rendered":"\n<p>Raymundo Morales\/Zona Roja.<\/p>\n\n\n\n<p>Oaxaca de Ju\u00e1rez, Oax., a 7 de mayo de 2024.- A unos 100 kil\u00f3metros al sur de la ciudad de Oaxaca se encuentra la caravana de unos dos mil migrantes, que desde la semana pasada inici\u00f3 una nueva ruta para llegar a los Estados Unidos.<\/p>\n\n\n\n<p>Es la primera vez que indocumentados utilizan masivamente esta nueva v\u00eda, que parti\u00f3 de la regi\u00f3n del Istmo, continu\u00f3 por la carretera costera y tom\u00f3 la v\u00eda federal 175 Puerto \u00c1ngel-Oaxaca.<\/p>\n\n\n\n<p>Ayer por la tarde arribaron a Santo Tom\u00e1s Tamazul\u00e1pam, Miahuatl\u00e1n, donde pernoctaron en la explanada municipal y esta ma\u00f1ana reanudaron su caminata, con el prop\u00f3sito de llegar hoy mismo a Miahuatl\u00e1n de Porfirio D\u00edaz.<\/p>\n\n\n\n<p>De acuerdo con reportes extraoficiales, la actual caravana est\u00e1 conformada por unas dos mil personas de distintas nacionalidades, entre ellos menores de edad y adultos mayores.<\/p>\n\n\n\n<p>Hasta el momento no hay reporte oficial acerca de la forma en que se est\u00e1n preparando las autoridades estatales para recibir a los indocumentados que pretenden hacer una parada en la capital y de ah\u00ed partir hacia el estado de Puebla.<\/p>\n\n\n\n<p>A los viajeros los acompa\u00f1an param\u00e9dicos y llevan custodia de corporaciones policiacas estatales y federales; hasta el momento no se han reportado accidentes durante el trayecto por esta nueva ruta.<\/p>\n\n\n\n<p>Antiguamente la v\u00eda de los migrantes era la entrada por la zona oriente del Istmo para continuar por la carretera 190 hacia la capital oaxaque\u00f1a; despu\u00e9s se diversificaron hacia la Sierra Ju\u00e1rez para descender hasta la Villa de Mitla, de forma clandestina; luego lo hicieron del Istmo hacia la regi\u00f3n de la Cuenca, v\u00eda que contin\u00faan utilizando pero que se ha vuelto una de las m\u00e1s peligrosas, por la inseguridad y la presencia del crimen organizado.<\/p>\n","protected":false},"excerpt":{"rendered":"<p>Raymundo Morales\/Zona Roja. Oaxaca de Ju\u00e1rez, Oax., a 7 de mayo de 2024.- A unos&hellip;<\/p>\n","protected":false},"author":2,"featured_media":68102,"comment_status":"closed","ping_status":"open","sticky":false,"template":"","format":"standard","meta":{"_lmt_disableupdate":"","_lmt_disable":"","_jetpack_memberships_contains_paid_content":false,"footnotes":""},"categories":[109,47],"tags":[3641],"class_list":["post-68100","post","type-post","status-publish","format-standard","has-post-thumbnail","hentry","category-minuto-a-minuto","category-zona-gris","tag-migrantes-en-oaxaca"],"jetpack_featured_media_url":"https:\/\/zonaroja.com.mx\/wp-content\/uploads\/2024\/05\/Migrantes-nueva-ruta-Costa-Sierra-Sur-Oaxaca.jpg","jetpack_sharing_enabled":true,"_links":{"self":[{"href":"https:\/\/zonaroja.com.mx\/index.php?rest_route=\/wp\/v2\/posts\/68100","targetHints":{"allow":["GET"]}}],"collection":[{"href":"https:\/\/zonaroja.com.mx\/index.php?rest_route=\/wp\/v2\/posts"}],"about":[{"href":"https:\/\/zonaroja.com.mx\/index.php?rest_route=\/wp\/v2\/types\/post"}],"author":[{"embeddable":true,"href":"https:\/\/zonaroja.com.mx\/index.php?rest_route=\/wp\/v2\/users\/2"}],"replies":[{"embeddable":true,"href":"https:\/\/zonaroja.com.mx\/index.php?rest_route=%2Fwp%2Fv2%2Fcomments&post=68100"}],"version-history":[{"count":1,"href":"https:\/\/zonaroja.com.mx\/index.php?rest_route=\/wp\/v2\/posts\/68100\/revisions"}],"predecessor-version":[{"id":68103,"href":"https:\/\/zonaroja.com.mx\/index.php?rest_route=\/wp\/v2\/posts\/68100\/revisions\/68103"}],"wp:featuredmedia":[{"embeddable":true,"href":"https:\/\/zonaroja.com.mx\/index.php?rest_route=\/wp\/v2\/media\/68102"}],"wp:attachment":[{"href":"https:\/\/zonaroja.com.mx\/index.php?rest_route=%2Fwp%2Fv2%2Fmedia&parent=68100"}],"wp:term":[{"taxonomy":"category","embeddable":true,"href":"https:\/\/zonaroja.com.mx\/index.php?rest_route=%2Fwp%2Fv2%2Fcategories&post=68100"},{"taxonomy":"post_tag","embeddable":true,"href":"https:\/\/zonaroja.com.mx\/index.php?rest_route=%2Fwp%2Fv2%2Ftags&post=68100"}],"curies":[{"name":"wp","href":"https:\/\/api.w.org\/{rel}","templated":true}]}}