{"id":68107,"date":"2024-05-07T11:30:00","date_gmt":"2024-05-07T17:30:00","guid":{"rendered":"https:\/\/zonaroja.com.mx\/?p=68107"},"modified":"2024-05-07T08:14:36","modified_gmt":"2024-05-07T14:14:36","slug":"logra-fiscalia-sentencia-de-40-anos-contra-individuo-por-trata-de-personas","status":"publish","type":"post","link":"https:\/\/zonaroja.com.mx\/?p=68107","title":{"rendered":"Logra Fiscal\u00eda sentencia de 40 a\u00f1os contra individuo por trata de personas"},"content":{"rendered":"\n<p>Redacci\u00f3n\/Zona Roja.\u00a0Foto: ilustraci\u00f3n.<\/p>\n\n\n\n<p>Oaxaca de Ju\u00e1rez, Oax., 7 de mayo de 2024.- La Fiscal\u00eda General del Estado de Oaxaca (FGEO) obtuvo una sentencia condenatoria de 40 a\u00f1os de prisi\u00f3n en contra de una persona del sexo masculino identificado como J.M.M.O., por su responsabilidad en la comisi\u00f3n de los delitos de trata de personas en su modalidad de enganche con fines de explotaci\u00f3n sexual, as\u00ed como por explotaci\u00f3n de la prostituci\u00f3n ajena agravada, hechos ocurridos en la regi\u00f3n de los Valles Centrales.<\/p>\n\n\n\n<p>De acuerdo con el expediente penal del caso, se trata de dos v\u00edctimas de identidad reservada, quienes fueron contactadas y enganchadas por el imputado entre el 2019 y 2020 a trav\u00e9s de publicaciones en redes sociales, anuncios en los que solicitaban personal para trabajar en servicios de lavander\u00eda.<\/p>\n\n\n\n<p>El expediente agrega que, una vez contratadas, las v\u00edctimas eran obligadas a ejercer trabajos sexuales en un domicilio ubicado en Santa Cruz Xoxocotl\u00e1n, as\u00ed como en otras locaciones de Ocotl\u00e1n de Morelos y Puerto Escondido, para posteriormente entregar al imputado las ganancias derivadas de esta actividad.<\/p>\n\n\n\n<p>Al tener conocimiento de estos hechos, la Fiscal\u00eda General del Estado de Oaxaca realiz\u00f3 las investigaciones correspondientes por medio de la Fiscal\u00eda Especializada en Delitos de Alto Impacto lo que permiti\u00f3 obtener una orden de aprehensi\u00f3n que hizo posible la captura de J. M. M. O.<\/p>\n\n\n\n<p>El imputado qued\u00f3 a disposici\u00f3n del Juez que atienden la causa, quien luego de evaluar los datos de prueba aportados por la FGEO, dict\u00f3 sentencia condenatoria de 40 a\u00f1os de prisi\u00f3n en contra de J.M.M.O., adem\u00e1s de imponer una multa econ\u00f3mica y el pago por reparaci\u00f3n del da\u00f1o, luego de demostrar su responsabilidad en la comisi\u00f3n de los delitos de trata de personas en su modalidad de enganche con fines de explotaci\u00f3n sexual, as\u00ed como el de explotaci\u00f3n de la prostituci\u00f3n ajena agravada.<\/p>\n\n\n\n<p>PEDERASTA VINCULADO&nbsp;<\/p>\n\n\n\n<p>Por otra parte, garantizar una procuraci\u00f3n de justicia pronta en casos de ni\u00f1as, ni\u00f1os y adolescentes es una de las prioridades de la Fiscal\u00eda General del Estado de Oaxaca logr\u00f3 la vinculaci\u00f3n a proceso de una persona del sexo masculino identificada como D.A.L.L. -profesor de una escuela preescolar-, por delito de pederastia agravada en perjuicio de una alumna cometido en la regi\u00f3n de la Mixteca.<\/p>\n\n\n\n<p>De acuerdo con el expediente penal, los hechos ocurrieron el 12 de febrero de 2024, cuando la v\u00edctima (una menor de edad cuya identidad est\u00e1 reservada por ley) estaba en la escuela preescolar ubicada en la colonia Centro del municipio de Huajuapan de Le\u00f3n, cuando fue v\u00edctima de una agresi\u00f3n sexual.<\/p>\n\n\n\n<p>La Fiscal\u00eda de Oaxaca tuvo conocimiento del caso tras recibir la denuncia, por ello, inici\u00f3 las investigaciones correspondientes a trav\u00e9s de la Vicefiscal\u00eda Regional de la Mixteca, y dio cumplimiento a la orden de aprehensi\u00f3n contra D.A.L.L. Al presentar los datos de prueba aportados por el Ministerio P\u00fablico, los cuales fueron evaluados por el Juez que conoce la causa, quien determin\u00f3 dictar la vinculaci\u00f3n a proceso en contra del imputado D.A.L.L., a quien adem\u00e1s le impuso la medida de prisi\u00f3n preventiva y concedi\u00f3 tres meses para el cierre de la investigaci\u00f3n.<\/p>\n\n\n\n<p>La Fiscal\u00eda General del Estado de Oaxaca tiene como prioridad garantizar procesos de justicia eficientes en los casos de delitos cometidos en contra de ni\u00f1as, ni\u00f1os y adolescentes, a trav\u00e9s de investigaciones integrales y con perspectiva de infancia que logren garantizar el inter\u00e9s superior de la ni\u00f1ez.<\/p>\n","protected":false},"excerpt":{"rendered":"<p>Redacci\u00f3n\/Zona Roja.\u00a0Foto: ilustraci\u00f3n. Oaxaca de Ju\u00e1rez, Oax., 7 de mayo de 2024.- La Fiscal\u00eda General&hellip;<\/p>\n","protected":false},"author":2,"featured_media":68108,"comment_status":"closed","ping_status":"open","sticky":false,"template":"","format":"standard","meta":{"_lmt_disableupdate":"","_lmt_disable":"","_jetpack_memberships_contains_paid_content":false,"footnotes":""},"categories":[109,47],"tags":[494],"class_list":["post-68107","post","type-post","status-publish","format-standard","has-post-thumbnail","hentry","category-minuto-a-minuto","category-zona-gris","tag-fiscalia-general-del-estado-de-oaxaca"],"jetpack_featured_media_url":"https:\/\/zonaroja.com.mx\/wp-content\/uploads\/2024\/05\/Trata-de-personas-2.jpeg","jetpack_sharing_enabled":true,"_links":{"self":[{"href":"https:\/\/zonaroja.com.mx\/index.php?rest_route=\/wp\/v2\/posts\/68107","targetHints":{"allow":["GET"]}}],"collection":[{"href":"https:\/\/zonaroja.com.mx\/index.php?rest_route=\/wp\/v2\/posts"}],"about":[{"href":"https:\/\/zonaroja.com.mx\/index.php?rest_route=\/wp\/v2\/types\/post"}],"author":[{"embeddable":true,"href":"https:\/\/zonaroja.com.mx\/index.php?rest_route=\/wp\/v2\/users\/2"}],"replies":[{"embeddable":true,"href":"https:\/\/zonaroja.com.mx\/index.php?rest_route=%2Fwp%2Fv2%2Fcomments&post=68107"}],"version-history":[{"count":1,"href":"https:\/\/zonaroja.com.mx\/index.php?rest_route=\/wp\/v2\/posts\/68107\/revisions"}],"predecessor-version":[{"id":68110,"href":"https:\/\/zonaroja.com.mx\/index.php?rest_route=\/wp\/v2\/posts\/68107\/revisions\/68110"}],"wp:featuredmedia":[{"embeddable":true,"href":"https:\/\/zonaroja.com.mx\/index.php?rest_route=\/wp\/v2\/media\/68108"}],"wp:attachment":[{"href":"https:\/\/zonaroja.com.mx\/index.php?rest_route=%2Fwp%2Fv2%2Fmedia&parent=68107"}],"wp:term":[{"taxonomy":"category","embeddable":true,"href":"https:\/\/zonaroja.com.mx\/index.php?rest_route=%2Fwp%2Fv2%2Fcategories&post=68107"},{"taxonomy":"post_tag","embeddable":true,"href":"https:\/\/zonaroja.com.mx\/index.php?rest_route=%2Fwp%2Fv2%2Ftags&post=68107"}],"curies":[{"name":"wp","href":"https:\/\/api.w.org\/{rel}","templated":true}]}}