{"id":6811,"date":"2019-12-20T07:21:11","date_gmt":"2019-12-20T13:21:11","guid":{"rendered":"http:\/\/www.zonaroja.com.mx\/?p=6811"},"modified":"2019-12-20T07:31:16","modified_gmt":"2019-12-20T13:31:16","slug":"familia-de-francisco-toledo-pide-no-usar-su-nombre-ni-hacerle-homenajes","status":"publish","type":"post","link":"https:\/\/zonaroja.com.mx\/?p=6811","title":{"rendered":"Familia de Francisco Toledo pide no usar su nombre ni hacerle homenajes"},"content":{"rendered":"\n<p>Redacci\u00f3n\/Zona Roja.<\/p>\n\n\n\n<p>Oaxaca de Ju\u00e1rez, Oax., 20 de diciembre\nde 2019.- La familia del pintor oaxaque\u00f1o Francisco Toledo, pidi\u00f3 retirar el\nnombre del artista oaxaque\u00f1o a la medalla instaurada por la C\u00e1mara de Diputados\nen su honor. <\/p>\n\n\n\n<p>Asimismo, evitar homenajes o utilizar\nel nombre del artista pl\u00e1stico para cualquier tipo de reconocimiento o\ndistinci\u00f3n.<\/p>\n\n\n\n<p>\u201cComo su familia apreciamos todas las muestras de cari\u00f1o y el deseo de rendirle homenaje, sin embargo, \u00e9l no era partidario de homenajes y reconocimientos, por ello pedimos que la medalla que propone el Congreso de la Uni\u00f3n de M\u00e9xico no lleve el nombre de Francisco Toledo\u201d, expuso.<\/p>\n\n\n\n<figure class=\"wp-block-image\"><img decoding=\"async\" width=\"754\" height=\"1024\" src=\"http:\/\/www.zonaroja.com.mx\/wp-content\/uploads\/2019\/12\/Carta-familia-Toledo-754x1024.jpg\" alt=\"\" class=\"wp-image-6813\" srcset=\"https:\/\/zonaroja.com.mx\/wp-content\/uploads\/2019\/12\/Carta-familia-Toledo-754x1024.jpg 754w, https:\/\/zonaroja.com.mx\/wp-content\/uploads\/2019\/12\/Carta-familia-Toledo-221x300.jpg 221w, https:\/\/zonaroja.com.mx\/wp-content\/uploads\/2019\/12\/Carta-familia-Toledo-768x1043.jpg 768w, https:\/\/zonaroja.com.mx\/wp-content\/uploads\/2019\/12\/Carta-familia-Toledo-1170x1588.jpg 1170w, https:\/\/zonaroja.com.mx\/wp-content\/uploads\/2019\/12\/Carta-familia-Toledo-585x794.jpg 585w, https:\/\/zonaroja.com.mx\/wp-content\/uploads\/2019\/12\/Carta-familia-Toledo.jpg 1242w\" sizes=\"(max-width: 754px) 100vw, 754px\" \/><\/figure>\n\n\n\n<p>La carta con fecha 17 de diciembre fue\nfirmada por los hijos del pintor, Natalia, Jer\u00f3nimo, Laura, Sara y Benjam\u00edn L\u00f3pez,\nas\u00ed como su viuda, Trine Ellitsgaard.<\/p>\n\n\n\n<p>Con respecto a la medalla legislativa, la\npresea fue aprobada la semana pasada por los 396 diputados para reconocer cada\na\u00f1o al artista comprometido socialmente y que contribuya a la defensa, rescate\ny difusi\u00f3n del patrimonio natural, cultural y art\u00edstico de M\u00e9xico.<\/p>\n\n\n\n<p>En el documento, la familia pide adem\u00e1s\nque \u201cning\u00fan premio, calle o inmueble lleve su nombre\u201d, dado que tras el\nfallecimiento del artista, ocurrido el 5 de septiembre pasado, han tratado de\nseguir la l\u00ednea de trabajo e ideolog\u00eda y ser fieles a la forma en que llev\u00f3 su\nvida.<\/p>\n\n\n\n<p>En su misiva, recuerda que desde su\npartida distintas asociaciones, instituciones y dependencias de Gobierno han\ntenido la intenci\u00f3n de rendirle homenajes o crear preseas con el nombre de\nToledo.<\/p>\n\n\n\n<p>\u201cEl mejor homenaje que podemos hacerle\nal maestro Toledo es continuar apoyando sus causas y visitando los espacios que\ncre\u00f3\u201d, a\u00f1ade la familia en su carta difundida por la asociaci\u00f3n Amigos del\nInstituto de Artes Gr\u00e1ficas de Oaxaca y del Centro Fotogr\u00e1fico Manuel \u00c1lvarez\nBravo, instituciones creadas por Toledo.<\/p>\n","protected":false},"excerpt":{"rendered":"<p>Redacci\u00f3n\/Zona Roja. Oaxaca de Ju\u00e1rez, Oax., 20 de diciembre de 2019.- La familia del pintor&hellip;<\/p>\n","protected":false},"author":2,"featured_media":4115,"comment_status":"closed","ping_status":"open","sticky":false,"template":"","format":"standard","meta":{"_lmt_disableupdate":"","_lmt_disable":"","_jetpack_memberships_contains_paid_content":false,"footnotes":""},"categories":[109,46],"tags":[677],"class_list":["post-6811","post","type-post","status-publish","format-standard","has-post-thumbnail","hentry","category-minuto-a-minuto","category-zona-blanca","tag-francisco-toledo"],"jetpack_featured_media_url":"https:\/\/zonaroja.com.mx\/wp-content\/uploads\/2019\/09\/Fotomural-Toledo-1-1.jpg","jetpack_sharing_enabled":true,"_links":{"self":[{"href":"https:\/\/zonaroja.com.mx\/index.php?rest_route=\/wp\/v2\/posts\/6811","targetHints":{"allow":["GET"]}}],"collection":[{"href":"https:\/\/zonaroja.com.mx\/index.php?rest_route=\/wp\/v2\/posts"}],"about":[{"href":"https:\/\/zonaroja.com.mx\/index.php?rest_route=\/wp\/v2\/types\/post"}],"author":[{"embeddable":true,"href":"https:\/\/zonaroja.com.mx\/index.php?rest_route=\/wp\/v2\/users\/2"}],"replies":[{"embeddable":true,"href":"https:\/\/zonaroja.com.mx\/index.php?rest_route=%2Fwp%2Fv2%2Fcomments&post=6811"}],"version-history":[{"count":2,"href":"https:\/\/zonaroja.com.mx\/index.php?rest_route=\/wp\/v2\/posts\/6811\/revisions"}],"predecessor-version":[{"id":6814,"href":"https:\/\/zonaroja.com.mx\/index.php?rest_route=\/wp\/v2\/posts\/6811\/revisions\/6814"}],"wp:featuredmedia":[{"embeddable":true,"href":"https:\/\/zonaroja.com.mx\/index.php?rest_route=\/wp\/v2\/media\/4115"}],"wp:attachment":[{"href":"https:\/\/zonaroja.com.mx\/index.php?rest_route=%2Fwp%2Fv2%2Fmedia&parent=6811"}],"wp:term":[{"taxonomy":"category","embeddable":true,"href":"https:\/\/zonaroja.com.mx\/index.php?rest_route=%2Fwp%2Fv2%2Fcategories&post=6811"},{"taxonomy":"post_tag","embeddable":true,"href":"https:\/\/zonaroja.com.mx\/index.php?rest_route=%2Fwp%2Fv2%2Ftags&post=6811"}],"curies":[{"name":"wp","href":"https:\/\/api.w.org\/{rel}","templated":true}]}}