{"id":68112,"date":"2024-05-07T17:25:33","date_gmt":"2024-05-07T23:25:33","guid":{"rendered":"https:\/\/zonaroja.com.mx\/?p=68112"},"modified":"2024-05-07T17:25:35","modified_gmt":"2024-05-07T23:25:35","slug":"deslave-de-cerro-dano-13-viviendas-en-asuncion-mixtepec-oaxaca","status":"publish","type":"post","link":"https:\/\/zonaroja.com.mx\/?p=68112","title":{"rendered":"Deslave de cerro da\u00f1\u00f3 13 viviendas en Asunci\u00f3n Mixtepec, Oaxaca"},"content":{"rendered":"\n<p>Redacci\u00f3n\/Zona Roja.&nbsp;<\/p>\n\n\n\n<p>Oaxaca de Ju\u00e1rez, Oax. 7 de mayo de 2024.- La Coordinaci\u00f3n Estatal de Protecci\u00f3n Civil y Gesti\u00f3n de Riesgos (CEPCyGR) informa que se contabilizaron 13 viviendas afectadas por el deslave del cerro y la creciente del r\u00edo en la localidad de Asunci\u00f3n Mixtepec, perteneciente al municipio de San Bernardo Mixtepec, en la regi\u00f3n de Valles Centrales de Oaxaca.<\/p>\n\n\n\n<p>Ante esta emergencia y previo a instalar su Consejo Municipal de Protecci\u00f3n Civil, el ayuntamiento como primer respondiente inici\u00f3 los trabajos de limpieza, con el apoyo de 60 personas voluntarias.<\/p>\n\n\n\n<p>A estas actividades se sumaron personal de la Guardia Nacional (GN) y de la Secretar\u00eda de la Defensa Nacional (Sedena) y de la delegaci\u00f3n de Paz Social del distrito.<\/p>\n\n\n\n<p>Las labores iniciaron el pasado lunes con el personal de Protecci\u00f3n Civil para realizar acciones preventivas y de evaluaci\u00f3n, y de esta forma evitar mayores riesgos a la poblaci\u00f3n.<\/p>\n\n\n\n<p>La dependencia detall\u00f3 que no se registran p\u00e9rdidas humanas, s\u00f3lo afectaciones materiales que se contabilizan en:<\/p>\n\n\n\n<p>13 viviendas con da\u00f1os, de las cuales cuatro colapsaron en su totalidad y nueve con da\u00f1os por lodo y p\u00e9rdida de electrodom\u00e9sticos.<\/p>\n\n\n\n<p>Tres negocios con p\u00e9rdidas de mercanc\u00eda y electrodom\u00e9sticos.<\/p>\n\n\n\n<p>Una cancha de usos m\u00faltiples con lodo, ramas y arbustos.<\/p>\n\n\n\n<p>Dos escuelas afectadas (una primaria por lodo, arbustos y ramas, y un preescolar por lodo).<\/p>\n\n\n\n<p>La explanada de la agencia Asunci\u00f3n Mixtepec, con lodo, arbustos y ramas.<\/p>\n\n\n\n<p>Un puente destruido por la creciente de un arroyo.<\/p>\n\n\n\n<p>Seis veh\u00edculos y un mototaxi que fueron arrastrados por la creciente del r\u00edo.<\/p>\n\n\n\n<p>Hasta el momento se contabilizan 13 familias afectadas, nueve personas adultas mayores, 31 personas adultas y 23 menores de edad. Adem\u00e1s, se suspendieron clases en los centros educativos de la municipalidad, y la calle Independencia se encuentra afectada por material arrastrado por el agua.<\/p>\n","protected":false},"excerpt":{"rendered":"<p>Redacci\u00f3n\/Zona Roja.&nbsp; Oaxaca de Ju\u00e1rez, Oax. 7 de mayo de 2024.- La Coordinaci\u00f3n Estatal de&hellip;<\/p>\n","protected":false},"author":2,"featured_media":68113,"comment_status":"closed","ping_status":"open","sticky":false,"template":"","format":"standard","meta":{"_lmt_disableupdate":"","_lmt_disable":"","_jetpack_memberships_contains_paid_content":false,"footnotes":""},"categories":[109,46],"tags":[3931],"class_list":["post-68112","post","type-post","status-publish","format-standard","has-post-thumbnail","hentry","category-minuto-a-minuto","category-zona-blanca","tag-san-bernardo-mixtepec"],"jetpack_featured_media_url":"https:\/\/zonaroja.com.mx\/wp-content\/uploads\/2024\/05\/FOTO-3-Registran-13-viviendas-afectadas-por-deslave-de-cerro-en-Asuncion-Mixtepec.jpeg","jetpack_sharing_enabled":true,"_links":{"self":[{"href":"https:\/\/zonaroja.com.mx\/index.php?rest_route=\/wp\/v2\/posts\/68112","targetHints":{"allow":["GET"]}}],"collection":[{"href":"https:\/\/zonaroja.com.mx\/index.php?rest_route=\/wp\/v2\/posts"}],"about":[{"href":"https:\/\/zonaroja.com.mx\/index.php?rest_route=\/wp\/v2\/types\/post"}],"author":[{"embeddable":true,"href":"https:\/\/zonaroja.com.mx\/index.php?rest_route=\/wp\/v2\/users\/2"}],"replies":[{"embeddable":true,"href":"https:\/\/zonaroja.com.mx\/index.php?rest_route=%2Fwp%2Fv2%2Fcomments&post=68112"}],"version-history":[{"count":1,"href":"https:\/\/zonaroja.com.mx\/index.php?rest_route=\/wp\/v2\/posts\/68112\/revisions"}],"predecessor-version":[{"id":68114,"href":"https:\/\/zonaroja.com.mx\/index.php?rest_route=\/wp\/v2\/posts\/68112\/revisions\/68114"}],"wp:featuredmedia":[{"embeddable":true,"href":"https:\/\/zonaroja.com.mx\/index.php?rest_route=\/wp\/v2\/media\/68113"}],"wp:attachment":[{"href":"https:\/\/zonaroja.com.mx\/index.php?rest_route=%2Fwp%2Fv2%2Fmedia&parent=68112"}],"wp:term":[{"taxonomy":"category","embeddable":true,"href":"https:\/\/zonaroja.com.mx\/index.php?rest_route=%2Fwp%2Fv2%2Fcategories&post=68112"},{"taxonomy":"post_tag","embeddable":true,"href":"https:\/\/zonaroja.com.mx\/index.php?rest_route=%2Fwp%2Fv2%2Ftags&post=68112"}],"curies":[{"name":"wp","href":"https:\/\/api.w.org\/{rel}","templated":true}]}}