{"id":68115,"date":"2024-05-07T17:42:11","date_gmt":"2024-05-07T23:42:11","guid":{"rendered":"https:\/\/zonaroja.com.mx\/?p=68115"},"modified":"2024-05-07T17:42:13","modified_gmt":"2024-05-07T23:42:13","slug":"liberan-a-mujer-e-hija-que-fueron-encarcelados-en-comunidad-de-oaxaca","status":"publish","type":"post","link":"https:\/\/zonaroja.com.mx\/?p=68115","title":{"rendered":"Liberan a mujer e hija que fueron encarcelados en comunidad de Oaxaca"},"content":{"rendered":"\n<p>Raymundo Morales \/Zona Roja.<\/p>\n\n\n\n<p>Oaxaca de Ju\u00e1rez, Oax., a 7 de mayo de 2024.- Una mujer y su hija menor de edad ya se encuentran en libertada, tras ser encarcelados en una comunidad de la regi\u00f3n Sierra de Ju\u00e1rez de Oaxaca.<\/p>\n\n\n\n<p>Fue el domingo en que, por motivos que hasta el momento se desconocen, fue detenida una se\u00f1ora con su hija y encerrada en los separos de la localidad de San Jorge Casagrande, del municipio de Asunci\u00f3n Cacalotepec Mixe.<\/p>\n\n\n\n<p>La Defensor\u00eda de los Derechos Humanos del Pueblo de Oaxaca indic\u00f3 que abri\u00f3 un Cuaderno de Antecedentes con el n\u00famero DDHPO\/CA\/0136(14)\/OAX\/2024, tras lo cual confirm\u00f3 que dichas integrantes de una familia ya fueron liberadas.<\/p>\n\n\n\n<p>La autoridad local no ha dado a conocer las razones del encarcelamiento y el organismo contin\u00faa con las indagatorias, con perspectiva de g\u00e9nero y ni\u00f1ez, a fin de corroborar si hubo abuso de las garant\u00edas individuales de dichas personas.<\/p>\n\n\n\n<figure class=\"wp-block-embed is-type-rich is-provider-twitter wp-block-embed-twitter\"><div class=\"wp-block-embed__wrapper\">\n<div class=\"twitter-tweet\"><blockquote class=\"twitter-tweet\" data-lang=\"es\"><p lang=\"es\" dir=\"ltr\">Ante la informaci\u00f3n que ha circulado en los distintos medios de comunicaci\u00f3n de <a href=\"https:\/\/twitter.com\/hashtag\/Oaxaca?src=hash&amp;ref_src=twsrc%5Etfw\">#Oaxaca<\/a>, con respecto a un presunto encarcelamiento de una mujer y su hija en la comunidad de Asunci\u00f3n Cacalotepec, la DDHPO informa: <a href=\"https:\/\/t.co\/nIGqPoMH7f\">pic.twitter.com\/nIGqPoMH7f<\/a><\/p>&mdash; Derechos Humanos Oax (@DDHPO) <a href=\"https:\/\/twitter.com\/DDHPO\/status\/1787930902766432651?ref_src=twsrc%5Etfw\">7 de mayo de 2024<\/a><\/blockquote><\/div>\n<\/div><\/figure>\n","protected":false},"excerpt":{"rendered":"<p>Raymundo Morales \/Zona Roja. Oaxaca de Ju\u00e1rez, Oax., a 7 de mayo de 2024.- Una&hellip;<\/p>\n","protected":false},"author":2,"featured_media":68116,"comment_status":"closed","ping_status":"open","sticky":false,"template":"","format":"standard","meta":{"_lmt_disableupdate":"","_lmt_disable":"","_jetpack_memberships_contains_paid_content":false,"footnotes":""},"categories":[109,47],"tags":[2474],"class_list":["post-68115","post","type-post","status-publish","format-standard","has-post-thumbnail","hentry","category-minuto-a-minuto","category-zona-gris","tag-asuncion-cacalotepec-mixe"],"jetpack_featured_media_url":"https:\/\/zonaroja.com.mx\/wp-content\/uploads\/2024\/05\/IMG_6255.jpg","jetpack_sharing_enabled":true,"_links":{"self":[{"href":"https:\/\/zonaroja.com.mx\/index.php?rest_route=\/wp\/v2\/posts\/68115","targetHints":{"allow":["GET"]}}],"collection":[{"href":"https:\/\/zonaroja.com.mx\/index.php?rest_route=\/wp\/v2\/posts"}],"about":[{"href":"https:\/\/zonaroja.com.mx\/index.php?rest_route=\/wp\/v2\/types\/post"}],"author":[{"embeddable":true,"href":"https:\/\/zonaroja.com.mx\/index.php?rest_route=\/wp\/v2\/users\/2"}],"replies":[{"embeddable":true,"href":"https:\/\/zonaroja.com.mx\/index.php?rest_route=%2Fwp%2Fv2%2Fcomments&post=68115"}],"version-history":[{"count":1,"href":"https:\/\/zonaroja.com.mx\/index.php?rest_route=\/wp\/v2\/posts\/68115\/revisions"}],"predecessor-version":[{"id":68117,"href":"https:\/\/zonaroja.com.mx\/index.php?rest_route=\/wp\/v2\/posts\/68115\/revisions\/68117"}],"wp:featuredmedia":[{"embeddable":true,"href":"https:\/\/zonaroja.com.mx\/index.php?rest_route=\/wp\/v2\/media\/68116"}],"wp:attachment":[{"href":"https:\/\/zonaroja.com.mx\/index.php?rest_route=%2Fwp%2Fv2%2Fmedia&parent=68115"}],"wp:term":[{"taxonomy":"category","embeddable":true,"href":"https:\/\/zonaroja.com.mx\/index.php?rest_route=%2Fwp%2Fv2%2Fcategories&post=68115"},{"taxonomy":"post_tag","embeddable":true,"href":"https:\/\/zonaroja.com.mx\/index.php?rest_route=%2Fwp%2Fv2%2Ftags&post=68115"}],"curies":[{"name":"wp","href":"https:\/\/api.w.org\/{rel}","templated":true}]}}