{"id":68118,"date":"2024-05-07T17:48:56","date_gmt":"2024-05-07T23:48:56","guid":{"rendered":"https:\/\/zonaroja.com.mx\/?p=68118"},"modified":"2024-05-07T17:48:57","modified_gmt":"2024-05-07T23:48:57","slug":"camaras-empresariales-a-favor-de-martinez-neri","status":"publish","type":"post","link":"https:\/\/zonaroja.com.mx\/?p=68118","title":{"rendered":"C\u00e1maras empresariales, a favor de Mart\u00ednez Neri"},"content":{"rendered":"\n<p>Redacci\u00f3n\/Zona Roja.<\/p>\n\n\n\n<p>Oaxaca de Ju\u00e1rez, Oax., a 7 de mayo de 2024.- Con representantes de 21 c\u00e1maras empresariales, apoyo que ning\u00fan contendiente ha tenido, el candidato de Morena a la Presidencia Municipal de la ciudad, Francisco Mart\u00ednez Neri, sostuvo encuentros en los que subray\u00f3 el compromiso de seguir trabajando para incentivar la econom\u00eda local con perspectiva de seguridad, orden, justicia y crecimiento sustentable.&nbsp;<\/p>\n\n\n\n<p>\u201cHoy les vengo a pedir que apoyemos a Morena, que apoyemos el proyecto nacional de transformaci\u00f3n para que, desde luego, el d\u00eda 2 de junio, alcemos la mano de la victoria que va a procurar el beneficio para nuestro pa\u00eds\u201d, manifest\u00f3 Mart\u00ednez Neri.&nbsp;<\/p>\n\n\n\n<p>En ese contexto, el candidato recalc\u00f3 la disposici\u00f3n de emprender acciones conjuntas con los sectores productivos de la ciudad para dar atenci\u00f3n a diversas problem\u00e1ticas, a trav\u00e9s dijo, de acciones concretas y la aplicaci\u00f3n eficaz y transparente de los recursos p\u00fablicos.<\/p>\n\n\n\n<p>\u201cTengo vocaci\u00f3n de servicio, como tuve vocaci\u00f3n profesional y en el caso concreto de Oaxaca de Ju\u00e1rez quiero seguir haciendo las cosas bien, de la mano de ustedes\u201d, comparti\u00f3.&nbsp;<\/p>\n\n\n\n<p>Entre los temas que se abordaron se ponder\u00f3 la atenci\u00f3n y reforzamiento de las estrategias de seguridad, as\u00ed como mecanismos que permitan dar atenci\u00f3n al manejo responsable de los residuos y la escasez del agua, entre otros temas.<\/p>\n\n\n\n<p>\u201cTenemos que procurar que ustedes puedan realizar sus funciones y sus actividades con la tranquilidad de que lo pueden hacer, con el apoyo y no con la obstrucci\u00f3n, con la ayuda de un municipio que es la c\u00e9lula fundamental de la Rep\u00fablica mexicana y que, desde luego, debe procurar un servicio eficiente para la gente\u201d, enfatiz\u00f3 Mart\u00ednez Neri.&nbsp;<\/p>\n\n\n\n<p>Ante personas que ejercen actividades comerciales en la capital, Francisco Mart\u00ednez Neri hizo un llamado a apoyar a la pr\u00f3xima presidenta de M\u00e9xico, Claudia Sheinbaum Pardo, as\u00ed como a las y los candidatos de Morena a diputaciones locales y federales, as\u00ed como senadur\u00edas y presidencias municipales.&nbsp;<\/p>\n\n\n\n<p>\u201cEl pr\u00f3ximo 2 de junio es un d\u00eda muy importante, se renueva todo el esquema de la administraci\u00f3n nacional y ya hay un rumbo trazado a nivel nacional que representa el camino correcto, iniciado por el presidente Andr\u00e9s Manuel L\u00f3pez Obrador\u201d, concluy\u00f3 el candidato a la Presidencia Municipal de Oaxaca de Ju\u00e1rez, Francisco Mart\u00ednez Neri.<\/p>\n","protected":false},"excerpt":{"rendered":"<p>Redacci\u00f3n\/Zona Roja. Oaxaca de Ju\u00e1rez, Oax., a 7 de mayo de 2024.- Con representantes de&hellip;<\/p>\n","protected":false},"author":2,"featured_media":68119,"comment_status":"closed","ping_status":"open","sticky":false,"template":"","format":"standard","meta":{"_lmt_disableupdate":"","_lmt_disable":"","_jetpack_memberships_contains_paid_content":false,"footnotes":""},"categories":[109,46],"tags":[2418],"class_list":["post-68118","post","type-post","status-publish","format-standard","has-post-thumbnail","hentry","category-minuto-a-minuto","category-zona-blanca","tag-francisco-martinez-neri"],"jetpack_featured_media_url":"https:\/\/zonaroja.com.mx\/wp-content\/uploads\/2024\/05\/Reunion-Martinez-Neri-con-empresarios.jpg","jetpack_sharing_enabled":true,"_links":{"self":[{"href":"https:\/\/zonaroja.com.mx\/index.php?rest_route=\/wp\/v2\/posts\/68118","targetHints":{"allow":["GET"]}}],"collection":[{"href":"https:\/\/zonaroja.com.mx\/index.php?rest_route=\/wp\/v2\/posts"}],"about":[{"href":"https:\/\/zonaroja.com.mx\/index.php?rest_route=\/wp\/v2\/types\/post"}],"author":[{"embeddable":true,"href":"https:\/\/zonaroja.com.mx\/index.php?rest_route=\/wp\/v2\/users\/2"}],"replies":[{"embeddable":true,"href":"https:\/\/zonaroja.com.mx\/index.php?rest_route=%2Fwp%2Fv2%2Fcomments&post=68118"}],"version-history":[{"count":1,"href":"https:\/\/zonaroja.com.mx\/index.php?rest_route=\/wp\/v2\/posts\/68118\/revisions"}],"predecessor-version":[{"id":68120,"href":"https:\/\/zonaroja.com.mx\/index.php?rest_route=\/wp\/v2\/posts\/68118\/revisions\/68120"}],"wp:featuredmedia":[{"embeddable":true,"href":"https:\/\/zonaroja.com.mx\/index.php?rest_route=\/wp\/v2\/media\/68119"}],"wp:attachment":[{"href":"https:\/\/zonaroja.com.mx\/index.php?rest_route=%2Fwp%2Fv2%2Fmedia&parent=68118"}],"wp:term":[{"taxonomy":"category","embeddable":true,"href":"https:\/\/zonaroja.com.mx\/index.php?rest_route=%2Fwp%2Fv2%2Fcategories&post=68118"},{"taxonomy":"post_tag","embeddable":true,"href":"https:\/\/zonaroja.com.mx\/index.php?rest_route=%2Fwp%2Fv2%2Ftags&post=68118"}],"curies":[{"name":"wp","href":"https:\/\/api.w.org\/{rel}","templated":true}]}}