{"id":68121,"date":"2024-05-07T20:46:41","date_gmt":"2024-05-08T02:46:41","guid":{"rendered":"https:\/\/zonaroja.com.mx\/?p=68121"},"modified":"2024-05-07T20:46:43","modified_gmt":"2024-05-08T02:46:43","slug":"avala-el-ieepco-registros-a-candidaturas-en-diputacion-y-concejalia","status":"publish","type":"post","link":"https:\/\/zonaroja.com.mx\/?p=68121","title":{"rendered":"Avala el IEEPCO registros a candidaturas en diputaci\u00f3n y concejal\u00eda"},"content":{"rendered":"\n<p>Redacci\u00f3n\/Zona Roja.<\/p>\n\n\n\n<p>Oaxaca de Ju\u00e1rez, Oax,., a 7 de mayo de 2024.- El Consejo General del Instituto Estatal Electoral y de Participaci\u00f3n Ciudadana de Oaxaca (IEEPCO), aprob\u00f3 los acuerdos por los que se registra la candidatura a diputada propietaria al Congreso del Estado por el principio de representaci\u00f3n proporcional, postulada por el Partido Pol\u00edtico Morena en la primera f\u00f3rmula de su lista de candidaturas de representaci\u00f3n proporcional; en cumplimiento a la sentencia dictada por el Tribunal Electoral del Estado de Oaxaca.&nbsp;<\/p>\n\n\n\n<p>De igual forma, se aprob\u00f3 el registro de la candidatura com\u00fan conformada por los Partidos Pol\u00edticos del Trabajo, Unidad Popular y Nueva Alianza Oaxaca para la elecci\u00f3n de concejal\u00edas al Ayuntamiento del Municipio de Santa Cruz Xoxocotl\u00e1n.<\/p>\n\n\n\n<p>Respecto a este acuerdo, la consejera Nayma Enr\u00edquez Estrada, solicit\u00f3 que en los antecedentes del acuerdo se registre que se presentaron ante el Consejo General las solicitudes de registro de candidaturas a diputaciones por el principio de representaci\u00f3n proporcional y se a\u00f1adiera por el principio de mayor\u00eda relativa y concejal\u00edas a los ayuntamientos que se rigen por partidos pol\u00edticos, incluyendo la postulaci\u00f3n a concejal\u00edas para el ayuntamiento a Santa Cruz Xoxocotl\u00e1n Presentada por Nueva Alianza en lo individual. &nbsp;<\/p>\n\n\n\n<p>As\u00ed como que el 6 de abril de 2024, lleg\u00f3 al Instituto un escrito firmado por Nueva Alianza, Partido del Trabajo y Partido Uni\u00f3n Popular, remitiendo documentaci\u00f3n de candidatura com\u00fan para el municipio, que inclu\u00eda el convenio de candidatura com\u00fan, con fecha 18 de marzo e ingres\u00e1ndolo el 6 de abril.&nbsp;<\/p>\n\n\n\n<p>Adem\u00e1s, se aprob\u00f3 la designaci\u00f3n de las personas integrantes de los Consejos Municipales Electorales, para el Proceso Electoral Local Ordinario 2023-2024, en sustituci\u00f3n de quienes han renunciado a su cargo.<\/p>\n","protected":false},"excerpt":{"rendered":"<p>Redacci\u00f3n\/Zona Roja. Oaxaca de Ju\u00e1rez, Oax,., a 7 de mayo de 2024.- El Consejo General&hellip;<\/p>\n","protected":false},"author":2,"featured_media":68124,"comment_status":"closed","ping_status":"open","sticky":false,"template":"","format":"standard","meta":{"_lmt_disableupdate":"","_lmt_disable":"","_jetpack_memberships_contains_paid_content":false,"footnotes":""},"categories":[109,46],"tags":[2932],"class_list":["post-68121","post","type-post","status-publish","format-standard","has-post-thumbnail","hentry","category-minuto-a-minuto","category-zona-blanca","tag-instituto-estatal-electoral-y-de-participacion-ciudadana-de-oaxaca-ieepco"],"jetpack_featured_media_url":"https:\/\/zonaroja.com.mx\/wp-content\/uploads\/2024\/05\/IEEPCO-1.jpg","jetpack_sharing_enabled":true,"_links":{"self":[{"href":"https:\/\/zonaroja.com.mx\/index.php?rest_route=\/wp\/v2\/posts\/68121","targetHints":{"allow":["GET"]}}],"collection":[{"href":"https:\/\/zonaroja.com.mx\/index.php?rest_route=\/wp\/v2\/posts"}],"about":[{"href":"https:\/\/zonaroja.com.mx\/index.php?rest_route=\/wp\/v2\/types\/post"}],"author":[{"embeddable":true,"href":"https:\/\/zonaroja.com.mx\/index.php?rest_route=\/wp\/v2\/users\/2"}],"replies":[{"embeddable":true,"href":"https:\/\/zonaroja.com.mx\/index.php?rest_route=%2Fwp%2Fv2%2Fcomments&post=68121"}],"version-history":[{"count":1,"href":"https:\/\/zonaroja.com.mx\/index.php?rest_route=\/wp\/v2\/posts\/68121\/revisions"}],"predecessor-version":[{"id":68125,"href":"https:\/\/zonaroja.com.mx\/index.php?rest_route=\/wp\/v2\/posts\/68121\/revisions\/68125"}],"wp:featuredmedia":[{"embeddable":true,"href":"https:\/\/zonaroja.com.mx\/index.php?rest_route=\/wp\/v2\/media\/68124"}],"wp:attachment":[{"href":"https:\/\/zonaroja.com.mx\/index.php?rest_route=%2Fwp%2Fv2%2Fmedia&parent=68121"}],"wp:term":[{"taxonomy":"category","embeddable":true,"href":"https:\/\/zonaroja.com.mx\/index.php?rest_route=%2Fwp%2Fv2%2Fcategories&post=68121"},{"taxonomy":"post_tag","embeddable":true,"href":"https:\/\/zonaroja.com.mx\/index.php?rest_route=%2Fwp%2Fv2%2Ftags&post=68121"}],"curies":[{"name":"wp","href":"https:\/\/api.w.org\/{rel}","templated":true}]}}