{"id":68128,"date":"2024-05-08T06:35:06","date_gmt":"2024-05-08T12:35:06","guid":{"rendered":"https:\/\/zonaroja.com.mx\/?p=68128"},"modified":"2024-05-08T06:35:08","modified_gmt":"2024-05-08T12:35:08","slug":"emergencia-nacional-medio-mexico-registra-apagones","status":"publish","type":"post","link":"https:\/\/zonaroja.com.mx\/?p=68128","title":{"rendered":"Emergencia nacional: medio M\u00e9xico registra apagones"},"content":{"rendered":"\n<p>Redacci\u00f3n\/Zona Roja Cdmx.<\/p>\n\n\n\n<p>Ciudad de M\u00e9xico, a 8 de mayo de 2024.- La tarde y noche de este martes, la alta demanda de energ\u00eda y una ca\u00edda en la capacidad de generaci\u00f3n provocaron estados de emergencia en el sistema el\u00e9ctrico&nbsp;de M\u00e9xico, por lo que se registraron apagones en m\u00e1s de 10 estados del pa\u00eds.<\/p>\n\n\n\n<p>Por medio de un comunicado, el Centro Nacional de Control de Energ\u00eda (Cenace) inform\u00f3 que este martes el Sistema Interconectado Nacional (SIN) entr\u00f3 en dos ocasiones en Estado Operativo de Emergencia.<\/p>\n\n\n\n<p>El primer periodo se registr\u00f3 entre las 17:04 y las 17:52 h, despu\u00e9s de que se alcanzara una demanda de 48 mil 472 MW.<\/p>\n\n\n\n<p>Posteriormente, a las 19:10 h el sistema entr\u00f3 nuevamente en Estado Operativo de Emergencia ante la alta demanda de energ\u00eda el\u00e9ctrica y una reducci\u00f3n en la capacidad de generaci\u00f3n.<\/p>\n\n\n\n<p>Fue en este momento en el que se determin\u00f3 la interrupci\u00f3n del suministro energ\u00e9tico en varias zonas del pa\u00eds con el objetivo de \u201cmantener la seguridad y confiabilidad del resto del sistema el\u00e9ctrico\u201d. As\u00ed, se registraron apagones en el Estado de M\u00e9xico, Ciudad de M\u00e9xico, San Luis Potos\u00ed, Guanajuato, Chiapas, Tamaulipas, Oaxaca, Hidalgo, Yucat\u00e1n, Coahuila, Nuevo Le\u00f3n y Puebla.<\/p>\n\n\n\n<p>A las 20:10 horas, inici\u00f3 la reconexi\u00f3n del suministro el\u00e9ctrico afectado y ten\u00edan pensado concluir alrededor de las 23:00 horas.<\/p>\n\n\n\n<p>El estado de emergencia se declara para lograr condiciones de confiabilidad y seguridad en la operaci\u00f3n. Entre las medidas que se toman, se encuentra la posibilidad de interrumpir el servicio el\u00e9ctrico.<\/p>\n\n\n\n<p>(Con informaci\u00f3n de L\u00f3pez-D\u00f3riga Digital)<\/p>\n","protected":false},"excerpt":{"rendered":"<p>Redacci\u00f3n\/Zona Roja Cdmx. Ciudad de M\u00e9xico, a 8 de mayo de 2024.- La tarde y&hellip;<\/p>\n","protected":false},"author":2,"featured_media":68129,"comment_status":"closed","ping_status":"open","sticky":false,"template":"","format":"standard","meta":{"_lmt_disableupdate":"","_lmt_disable":"","_jetpack_memberships_contains_paid_content":false,"footnotes":""},"categories":[109,47],"tags":[],"class_list":["post-68128","post","type-post","status-publish","format-standard","has-post-thumbnail","hentry","category-minuto-a-minuto","category-zona-gris"],"jetpack_featured_media_url":"https:\/\/zonaroja.com.mx\/wp-content\/uploads\/2024\/05\/Apafones-en-Mexico.jpeg","jetpack_sharing_enabled":true,"_links":{"self":[{"href":"https:\/\/zonaroja.com.mx\/index.php?rest_route=\/wp\/v2\/posts\/68128","targetHints":{"allow":["GET"]}}],"collection":[{"href":"https:\/\/zonaroja.com.mx\/index.php?rest_route=\/wp\/v2\/posts"}],"about":[{"href":"https:\/\/zonaroja.com.mx\/index.php?rest_route=\/wp\/v2\/types\/post"}],"author":[{"embeddable":true,"href":"https:\/\/zonaroja.com.mx\/index.php?rest_route=\/wp\/v2\/users\/2"}],"replies":[{"embeddable":true,"href":"https:\/\/zonaroja.com.mx\/index.php?rest_route=%2Fwp%2Fv2%2Fcomments&post=68128"}],"version-history":[{"count":1,"href":"https:\/\/zonaroja.com.mx\/index.php?rest_route=\/wp\/v2\/posts\/68128\/revisions"}],"predecessor-version":[{"id":68130,"href":"https:\/\/zonaroja.com.mx\/index.php?rest_route=\/wp\/v2\/posts\/68128\/revisions\/68130"}],"wp:featuredmedia":[{"embeddable":true,"href":"https:\/\/zonaroja.com.mx\/index.php?rest_route=\/wp\/v2\/media\/68129"}],"wp:attachment":[{"href":"https:\/\/zonaroja.com.mx\/index.php?rest_route=%2Fwp%2Fv2%2Fmedia&parent=68128"}],"wp:term":[{"taxonomy":"category","embeddable":true,"href":"https:\/\/zonaroja.com.mx\/index.php?rest_route=%2Fwp%2Fv2%2Fcategories&post=68128"},{"taxonomy":"post_tag","embeddable":true,"href":"https:\/\/zonaroja.com.mx\/index.php?rest_route=%2Fwp%2Fv2%2Ftags&post=68128"}],"curies":[{"name":"wp","href":"https:\/\/api.w.org\/{rel}","templated":true}]}}