{"id":68140,"date":"2024-05-08T09:27:00","date_gmt":"2024-05-08T15:27:00","guid":{"rendered":"https:\/\/zonaroja.com.mx\/?p=68140"},"modified":"2024-05-08T08:29:21","modified_gmt":"2024-05-08T14:29:21","slug":"llama-dirigente-del-pan-a-salir-a-votar-masivamente-el-2-de-junio","status":"publish","type":"post","link":"https:\/\/zonaroja.com.mx\/?p=68140","title":{"rendered":"Llama dirigente del PAN a salir a votar masivamente el 2 de junio"},"content":{"rendered":"\n<p>Ismael Garc\u00eda M.\/Zona Roja.<\/p>\n\n\n\n<p>Oaxaca de Ju\u00e1rez, Oax., a 8 de mayo de 2024.- Ante la falta de credibilidad en las instituciones electorales de Oaxaca y del pa\u00eds, la dirigente del Partido Acci\u00f3n Nacional, Perla Woolrich Fern\u00e1ndez, llam\u00f3 a salir a votar masivamente el 2 de junio, por X\u00f3chitl G\u00e1lvez y los dem\u00e1s candidatos y candidatas de la oposici\u00f3n.<\/p>\n\n\n\n<p>\u201cEl Instituto Estatal Electoral se cay\u00f3, no tiene autoridad (por los conflictos internos que atraviesa); es una burla estar presentando denuncias, mandar a certificar los hechos, si no hay castigo para los delincuentes electorales\u201d, dijo.<\/p>\n\n\n\n<p>En conferencia de prensa de este martes, la panista insisti\u00f3:<\/p>\n\n\n\n<p>\u201cMediten los ciudadanos su voto, no es el momento de estar dubitativo, cuando ya se han dado los pormenores, ya se ha hecho saber qui\u00e9n es qui\u00e9n, entonces qu\u00e9 cosa conviene a M\u00e9xico, hay que pensar qu\u00e9 cosa le vamos a dejar a nuestros hijos o nietos.<\/p>\n\n\n\n<p>\u201cLa sociedad civil debe participar el d\u00eda 2 de junio en las elecciones, l\u00e1stima que la ley no consagre un castigo para quien no vote, la Constituci\u00f3n habla que es un derecho y despu\u00e9s una obligaci\u00f3n, pero cuando no hay castigo, la obligaci\u00f3n es opcional.<\/p>\n\n\n\n<p>\u201cEn otros pa\u00edses s\u00ed hay una sanci\u00f3n para quienes no votan; ser\u00eda buena iniciativa porque no podemos permitir que m\u00e1s de 30 millones de personas dejen de ir cuando cuestan miles de millones de pesos preparar todo para que se lleven a cabo los comicios\u201d.<\/p>\n\n\n\n<p>Asimismo, lament\u00f3 las continuas denostaciones del ministro en retiro Arturo Zald\u00edvar; \u201clo que m\u00e1s molesta es que se ponga de tapete del Presidente de la Rep\u00fablica\u2026 Es un hombre corrupto y todav\u00eda habla bondades de Claudia Sheinbaum\u201d.<\/p>\n\n\n\n<p>Tambi\u00e9n critic\u00f3 que de manera continua el mandatario Andr\u00e9s Manuel L\u00f3pez Obrador se\u00f1ale a X\u00f3chitl G\u00e1lvez, sin tener mayores elementos para ello.<\/p>\n\n\n\n<p>\u201cYo creo que padece misoginia, porque siempre ha sido a las mujeres a las que ataca; ahora va contra una se\u00f1ora, de Mexicanos contra la Corrupci\u00f3n\u201d, expuso la dirigente panista, en referencia a Mar\u00eda Amparo Casar.<\/p>\n\n\n\n<p>\u201cNo podemos permitir que ocupe dos horas, tres horas, para denostar, descalificar, c\u00f3mo no habla de sus hijitos, de su familia\u201d, insisti\u00f3 acerca del mandatario mexicano.<\/p>\n","protected":false},"excerpt":{"rendered":"<p>Ismael Garc\u00eda M.\/Zona Roja. Oaxaca de Ju\u00e1rez, Oax., a 8 de mayo de 2024.- Ante&hellip;<\/p>\n","protected":false},"author":2,"featured_media":68141,"comment_status":"closed","ping_status":"open","sticky":false,"template":"","format":"standard","meta":{"_lmt_disableupdate":"","_lmt_disable":"","_jetpack_memberships_contains_paid_content":false,"footnotes":""},"categories":[109,46],"tags":[3874],"class_list":["post-68140","post","type-post","status-publish","format-standard","has-post-thumbnail","hentry","category-minuto-a-minuto","category-zona-blanca","tag-perla-woolrich"],"jetpack_featured_media_url":"https:\/\/zonaroja.com.mx\/wp-content\/uploads\/2024\/05\/Perla-Woolrich.jpg","jetpack_sharing_enabled":true,"_links":{"self":[{"href":"https:\/\/zonaroja.com.mx\/index.php?rest_route=\/wp\/v2\/posts\/68140","targetHints":{"allow":["GET"]}}],"collection":[{"href":"https:\/\/zonaroja.com.mx\/index.php?rest_route=\/wp\/v2\/posts"}],"about":[{"href":"https:\/\/zonaroja.com.mx\/index.php?rest_route=\/wp\/v2\/types\/post"}],"author":[{"embeddable":true,"href":"https:\/\/zonaroja.com.mx\/index.php?rest_route=\/wp\/v2\/users\/2"}],"replies":[{"embeddable":true,"href":"https:\/\/zonaroja.com.mx\/index.php?rest_route=%2Fwp%2Fv2%2Fcomments&post=68140"}],"version-history":[{"count":1,"href":"https:\/\/zonaroja.com.mx\/index.php?rest_route=\/wp\/v2\/posts\/68140\/revisions"}],"predecessor-version":[{"id":68142,"href":"https:\/\/zonaroja.com.mx\/index.php?rest_route=\/wp\/v2\/posts\/68140\/revisions\/68142"}],"wp:featuredmedia":[{"embeddable":true,"href":"https:\/\/zonaroja.com.mx\/index.php?rest_route=\/wp\/v2\/media\/68141"}],"wp:attachment":[{"href":"https:\/\/zonaroja.com.mx\/index.php?rest_route=%2Fwp%2Fv2%2Fmedia&parent=68140"}],"wp:term":[{"taxonomy":"category","embeddable":true,"href":"https:\/\/zonaroja.com.mx\/index.php?rest_route=%2Fwp%2Fv2%2Fcategories&post=68140"},{"taxonomy":"post_tag","embeddable":true,"href":"https:\/\/zonaroja.com.mx\/index.php?rest_route=%2Fwp%2Fv2%2Ftags&post=68140"}],"curies":[{"name":"wp","href":"https:\/\/api.w.org\/{rel}","templated":true}]}}