{"id":68146,"date":"2024-05-08T12:34:00","date_gmt":"2024-05-08T18:34:00","guid":{"rendered":"https:\/\/zonaroja.com.mx\/?p=68146"},"modified":"2024-05-08T08:35:15","modified_gmt":"2024-05-08T14:35:15","slug":"detiene-fiscalia-a-sujeto-que-ha-robado-vehiculos-en-la-capital-de-oaxaca","status":"publish","type":"post","link":"https:\/\/zonaroja.com.mx\/?p=68146","title":{"rendered":"Detiene Fiscal\u00eda a sujeto que ha robado veh\u00edculos en la capital de Oaxaca"},"content":{"rendered":"\n<p>Redacci\u00f3n\/Zona Roja.&nbsp;<\/p>\n\n\n\n<p>Oaxaca de Ju\u00e1rez, Oax. 8 de mayo de 2024.- Derivado de los trabajos de inteligencia e investigaci\u00f3n, la Fiscal\u00eda general del Estado de Oaxaca (FGEO) obtuvo auto de vinculaci\u00f3n a proceso contra una persona del sexo masculino identificada como J.M.G.M., alias el \u00abChema\u00bb, por robo de veh\u00edculo con violencia ocurrido en los Valles Centrales, ser\u00eda un objetivo prioritario en la Zona Metropolitana.<\/p>\n\n\n\n<p>De acuerdo con la causa penal del caso, el imputado J.M.G.M alias \u00abEl Chema\u00bb, fue procesado junto con otras dos personas identificadas como J.C.G.L., alias \u00abEl Gordo\u00bb y R.I.S.M., alias \u00abEl Profe\u00bb, quienes presumiblemente forman parte de la misma banda delictiva que estar\u00eda relacionada con robos de veh\u00edculos de motor en la capital y municipios conurbados.<\/p>\n\n\n\n<p>Seg\u00fan el expediente, las investigaciones para desarticular esta banda se intensificaron a partir de las denuncias en redes sociales; en un caso reciente, se difundi\u00f3 un video en el que se observa a una persona que roba una motocicleta en v\u00eda p\u00fablica, lo cual ayud\u00f3 a agilizar las investigaciones al respecto.<\/p>\n\n\n\n<p>Luego de recabar y evaluar los datos de prueba que present\u00f3 la FGEO ante el Juez que atiende la causa, J.M.G.M., alias el \u00abChema\u00bb, qued\u00f3 vinculado a proceso y se le impuso la medida cautelar de prisi\u00f3n preventiva justificada.<\/p>\n\n\n\n<p>La Fiscal\u00eda de Oaxaca realiza trabajos de investigaci\u00f3n con estricto apego a la ley, para que los resultados de las labores de procuraci\u00f3n de justicia permitan mantener la paz social en beneficio de la ciudadan\u00eda. Adem\u00e1s, con este tipo de acciones se busca desalentar y contener la comisi\u00f3n de este tipo de delitos.<\/p>\n","protected":false},"excerpt":{"rendered":"<p>Redacci\u00f3n\/Zona Roja.&nbsp; Oaxaca de Ju\u00e1rez, Oax. 8 de mayo de 2024.- Derivado de los trabajos&hellip;<\/p>\n","protected":false},"author":2,"featured_media":68147,"comment_status":"closed","ping_status":"open","sticky":false,"template":"","format":"standard","meta":{"_lmt_disableupdate":"","_lmt_disable":"","_jetpack_memberships_contains_paid_content":false,"footnotes":""},"categories":[109,46],"tags":[494],"class_list":["post-68146","post","type-post","status-publish","format-standard","has-post-thumbnail","hentry","category-minuto-a-minuto","category-zona-blanca","tag-fiscalia-general-del-estado-de-oaxaca"],"jetpack_featured_media_url":"https:\/\/zonaroja.com.mx\/wp-content\/uploads\/2024\/05\/Detenido-roba-vehiculos-Fiscalia-Oaxaca.jpg","jetpack_sharing_enabled":true,"_links":{"self":[{"href":"https:\/\/zonaroja.com.mx\/index.php?rest_route=\/wp\/v2\/posts\/68146","targetHints":{"allow":["GET"]}}],"collection":[{"href":"https:\/\/zonaroja.com.mx\/index.php?rest_route=\/wp\/v2\/posts"}],"about":[{"href":"https:\/\/zonaroja.com.mx\/index.php?rest_route=\/wp\/v2\/types\/post"}],"author":[{"embeddable":true,"href":"https:\/\/zonaroja.com.mx\/index.php?rest_route=\/wp\/v2\/users\/2"}],"replies":[{"embeddable":true,"href":"https:\/\/zonaroja.com.mx\/index.php?rest_route=%2Fwp%2Fv2%2Fcomments&post=68146"}],"version-history":[{"count":1,"href":"https:\/\/zonaroja.com.mx\/index.php?rest_route=\/wp\/v2\/posts\/68146\/revisions"}],"predecessor-version":[{"id":68148,"href":"https:\/\/zonaroja.com.mx\/index.php?rest_route=\/wp\/v2\/posts\/68146\/revisions\/68148"}],"wp:featuredmedia":[{"embeddable":true,"href":"https:\/\/zonaroja.com.mx\/index.php?rest_route=\/wp\/v2\/media\/68147"}],"wp:attachment":[{"href":"https:\/\/zonaroja.com.mx\/index.php?rest_route=%2Fwp%2Fv2%2Fmedia&parent=68146"}],"wp:term":[{"taxonomy":"category","embeddable":true,"href":"https:\/\/zonaroja.com.mx\/index.php?rest_route=%2Fwp%2Fv2%2Fcategories&post=68146"},{"taxonomy":"post_tag","embeddable":true,"href":"https:\/\/zonaroja.com.mx\/index.php?rest_route=%2Fwp%2Fv2%2Ftags&post=68146"}],"curies":[{"name":"wp","href":"https:\/\/api.w.org\/{rel}","templated":true}]}}