{"id":6815,"date":"2019-12-20T08:55:00","date_gmt":"2019-12-20T14:55:00","guid":{"rendered":"http:\/\/www.zonaroja.com.mx\/?p=6815"},"modified":"2019-12-20T08:55:04","modified_gmt":"2019-12-20T14:55:04","slug":"matrimonio-fue-torturado-maniatado-y-ejecutado-a-balazos-en-el-istmo","status":"publish","type":"post","link":"https:\/\/zonaroja.com.mx\/?p=6815","title":{"rendered":"Matrimonio fue torturado, maniatado y ejecutado a balazos, en el Istmo"},"content":{"rendered":"\n<p>Ismael Garc\u00eda M.\/Zona Roja.<\/p>\n\n\n\n<p>Oaxaca de Ju\u00e1rez, Oax., 20 de diciembre\nde 2019.- La pareja reportada como desaparecida el 17 de diciembre en Santo\nDomingo Zanatepec fue torturada, maniatada y despu\u00e9s ejecutada a balazos.<\/p>\n\n\n\n<p>As\u00ed lo confirmaron fuentes de la\nFiscal\u00eda General del Estado de Oaxaca, cuyo personal realiz\u00f3 el levantamiento\nde los cuerpos la noche del pasado mi\u00e9rcoles, en inmediaciones de la carretera\nPanamericana que comunica a Chiapas, en inmediaciones del crucero a Los\nCorazones, San Pedro Tapanatepec.<\/p>\n\n\n\n<p>Los cuerpos de Armando V.F. y su esposa\nGloria del Carmen M.R. presentaban varios disparos de armas de fuego, huellas\nde tortura, adem\u00e1s de estar maniatados.<\/p>\n\n\n\n<p>En la zona se hall\u00f3 veh\u00edculo marca\nChevrolet, tipo Spark, color rojo, con placas de circulaci\u00f3n MSC-7785 del\nEstado de M\u00e9xico, presumiblemente propiedad, de los hoy occisos.<\/p>\n\n\n\n<p>De acuerdo con la Unidad de B\u00fasqueda de\nPersonas Desaparecidas y No Localizadas (DNOL), de la Fiscal\u00eda General, la\npareja formada por Gloria del Carmen y Armando Vicente, fue vista por \u00faltima\nvez el pasado martes, en Zanatepec.<\/p>\n\n\n\n<p>Armando Vicente F\u00e9lix, de 46 a\u00f1os de edad,\nportaba playera color negro con el logotipo de Superman, a la altura del pecho,\ncamiseta blanca, pantal\u00f3n de mezclilla color azul cielo, tenis color negro con\nblanco y llevaba lentes de sol.<\/p>\n\n\n\n<p>Gloria del Carmen portaba huipil color\nblanco con flores en color negro, pantal\u00f3n de mezclilla color azul marino,\nzapatillas color caf\u00e9 y un bolso peque\u00f1o color caf\u00e9.<\/p>\n","protected":false},"excerpt":{"rendered":"<p>Ismael Garc\u00eda M.\/Zona Roja. Oaxaca de Ju\u00e1rez, Oax., 20 de diciembre de 2019.- La pareja&hellip;<\/p>\n","protected":false},"author":2,"featured_media":6816,"comment_status":"closed","ping_status":"open","sticky":false,"template":"","format":"standard","meta":{"_lmt_disableupdate":"","_lmt_disable":"","_jetpack_memberships_contains_paid_content":false,"footnotes":""},"categories":[109,51],"tags":[206,809],"class_list":["post-6815","post","type-post","status-publish","format-standard","has-post-thumbnail","hentry","category-minuto-a-minuto","category-zona-roja","tag-san-pedro-tapanatepec","tag-santo-domingo-zanatepec"],"jetpack_featured_media_url":"https:\/\/zonaroja.com.mx\/wp-content\/uploads\/2019\/12\/Pareja-asesinada-Istmo.jpg","jetpack_sharing_enabled":true,"_links":{"self":[{"href":"https:\/\/zonaroja.com.mx\/index.php?rest_route=\/wp\/v2\/posts\/6815","targetHints":{"allow":["GET"]}}],"collection":[{"href":"https:\/\/zonaroja.com.mx\/index.php?rest_route=\/wp\/v2\/posts"}],"about":[{"href":"https:\/\/zonaroja.com.mx\/index.php?rest_route=\/wp\/v2\/types\/post"}],"author":[{"embeddable":true,"href":"https:\/\/zonaroja.com.mx\/index.php?rest_route=\/wp\/v2\/users\/2"}],"replies":[{"embeddable":true,"href":"https:\/\/zonaroja.com.mx\/index.php?rest_route=%2Fwp%2Fv2%2Fcomments&post=6815"}],"version-history":[{"count":1,"href":"https:\/\/zonaroja.com.mx\/index.php?rest_route=\/wp\/v2\/posts\/6815\/revisions"}],"predecessor-version":[{"id":6817,"href":"https:\/\/zonaroja.com.mx\/index.php?rest_route=\/wp\/v2\/posts\/6815\/revisions\/6817"}],"wp:featuredmedia":[{"embeddable":true,"href":"https:\/\/zonaroja.com.mx\/index.php?rest_route=\/wp\/v2\/media\/6816"}],"wp:attachment":[{"href":"https:\/\/zonaroja.com.mx\/index.php?rest_route=%2Fwp%2Fv2%2Fmedia&parent=6815"}],"wp:term":[{"taxonomy":"category","embeddable":true,"href":"https:\/\/zonaroja.com.mx\/index.php?rest_route=%2Fwp%2Fv2%2Fcategories&post=6815"},{"taxonomy":"post_tag","embeddable":true,"href":"https:\/\/zonaroja.com.mx\/index.php?rest_route=%2Fwp%2Fv2%2Ftags&post=6815"}],"curies":[{"name":"wp","href":"https:\/\/api.w.org\/{rel}","templated":true}]}}