{"id":68152,"date":"2024-05-08T18:13:01","date_gmt":"2024-05-09T00:13:01","guid":{"rendered":"https:\/\/zonaroja.com.mx\/?p=68152"},"modified":"2024-05-08T18:13:03","modified_gmt":"2024-05-09T00:13:03","slug":"proceso-electoral-en-oaxaca-marcha-sin-contratiempos-y-en-paz","status":"publish","type":"post","link":"https:\/\/zonaroja.com.mx\/?p=68152","title":{"rendered":"Proceso electoral en Oaxaca marcha sin contratiempos y en paz"},"content":{"rendered":"\n<p>Ismael Garc\u00eda M.\/Zona Roja.<\/p>\n\n\n\n<p>Oaxaca de Ju\u00e1rez, Oax., a 8 de mayo de 2024.- El proceso electoral en Oaxaca transcurre sin contratiempos y en paz, conforme al calendario establecido, asegur\u00f3 el consejero presidente provisional del IEEPCO, Alejandro Carrasco Sampedro.<\/p>\n\n\n\n<p>Respecto al tema de la presidenta suspendida del cargo, Elizabeth S\u00e1nchez Gonz\u00e1lez, consider\u00f3 que no se trata de ning\u00fan conflicto interno y que las actividades se han desarrollado con normalidad.<\/p>\n\n\n\n<p>\u201cNo ha impactado, porque no hay un conflicto como tal; lo que pas\u00f3 aqu\u00ed fue una inhabilitaci\u00f3n de la consejera presidenta, por unas sentencias del Tribunal (de Justicia Administrativa); ella est\u00e1 haciendo su defensa de manera jur\u00eddica y ser\u00e1n los \u00f3rganos respectivos que tendr\u00e1n que resolver lo que procede.<\/p>\n\n\n\n<p>\u201cEn tanto pas\u00f3 eso, conforme lo marca la norma, se ten\u00eda que designar a alguien provisionalmente; mis colegas tuvieron a bien designarme de manera provisional, para efecto de los trabajos contin\u00faen, porque la presidencia tiene tareas administrativas y de coordinaci\u00f3n con las \u00e1reas.<\/p>\n\n\n\n<p>\u201cPero no ha habido ninguna afectaci\u00f3n al proceso; ninguna actividad se ha detenido o dejado de realizar; estamos avanzando, porque la prioridad es con la ciudadan\u00eda\u201d, destac\u00f3 Carrasco Sampedro.<\/p>\n\n\n\n<p>En entrevista, sostuvo que en septiembre iniciaron las actividades para arribar con los comicios del pr\u00f3ximo 2 de junio y se han agotado distintas etapas, la m\u00e1s reciente, la aprobaci\u00f3n por parte del Consejo General de las candidaturas para las diputaciones y concejal\u00edas.<\/p>\n\n\n\n<p>Adem\u00e1s, recientemente se entregaron al Instituto Nacional Electoral documentaci\u00f3n y boletas de personas residentes en el extranjero, quienes podr\u00e1n votar en tres modalidades, que es del 6 al 20 de mayo.<\/p>\n\n\n\n<p>Adem\u00e1s se han procurado todas las acciones a favor del voto anticipado, que ser\u00e1 por primera vez en Oaxaca y ayer llegaron las boletas a la Junta Local del INE.<\/p>\n\n\n\n<p>Aunado a ello, ya se inici\u00f3 la impresi\u00f3n de boletas para las diputaciones locales, a trav\u00e9s de la empresa Litho Formas, mientras que el viernes inicia para las concejal\u00edas; este mi\u00e9rcoles, se aprobaron sustituciones para el caso de concejal\u00edas, por renuncias.<\/p>\n\n\n\n<p>\u201cNosotros tenemos que cerrar filas para que el proceso avance; aqu\u00ed la fortaleza es que es un \u00f3rgano colegiado\u2026 el Instituto tiene m\u00e1s de tres d\u00e9cadas de organizar elecciones y la fortaleza que tiene es su personal\u00bb, expuso el consejero presidente provisional.<\/p>\n\n\n\n<figure class=\"wp-block-embed is-type-rich is-provider-twitter wp-block-embed-twitter\"><div class=\"wp-block-embed__wrapper\">\n<div class=\"twitter-tweet\"><blockquote class=\"twitter-tweet\" data-lang=\"es\"><p lang=\"es\" dir=\"ltr\">2. Respecto a la situaci\u00f3n interna con la presidenta suspendida, <a href=\"https:\/\/twitter.com\/Elizabeth_SG1?ref_src=twsrc%5Etfw\">@Elizabeth_SG1<\/a>, el consejero responsable provisional del <a href=\"https:\/\/twitter.com\/IEEPCO?ref_src=twsrc%5Etfw\">@IEEPCO<\/a>, <a href=\"https:\/\/twitter.com\/AleCarrasco_S?ref_src=twsrc%5Etfw\">@AleCarrasco_S<\/a> asegur\u00f3 que no ha impactado como tal pues no hay conflicto interno.<br>El caso se dirime ante las instancias correspondientes y en\u2026 <a href=\"https:\/\/t.co\/zKpGeiMjrT\">pic.twitter.com\/zKpGeiMjrT<\/a><\/p>&mdash; Zona Roja Oaxaca (@ZonaRoja_Oaxaca) <a href=\"https:\/\/twitter.com\/ZonaRoja_Oaxaca\/status\/1788310447730421800?ref_src=twsrc%5Etfw\">8 de mayo de 2024<\/a><\/blockquote><\/div>\n<\/div><\/figure>\n","protected":false},"excerpt":{"rendered":"<p>Ismael Garc\u00eda M.\/Zona Roja. Oaxaca de Ju\u00e1rez, Oax., a 8 de mayo de 2024.- El&hellip;<\/p>\n","protected":false},"author":2,"featured_media":68153,"comment_status":"closed","ping_status":"open","sticky":false,"template":"","format":"standard","meta":{"_lmt_disableupdate":"","_lmt_disable":"","_jetpack_memberships_contains_paid_content":false,"footnotes":""},"categories":[109,46],"tags":[3913,2932],"class_list":["post-68152","post","type-post","status-publish","format-standard","has-post-thumbnail","hentry","category-minuto-a-minuto","category-zona-blanca","tag-alejandro-carrasco-sampedro","tag-instituto-estatal-electoral-y-de-participacion-ciudadana-de-oaxaca-ieepco"],"jetpack_featured_media_url":"https:\/\/zonaroja.com.mx\/wp-content\/uploads\/2024\/05\/Alejandro-Carrasco-Sampedro.jpg","jetpack_sharing_enabled":true,"_links":{"self":[{"href":"https:\/\/zonaroja.com.mx\/index.php?rest_route=\/wp\/v2\/posts\/68152","targetHints":{"allow":["GET"]}}],"collection":[{"href":"https:\/\/zonaroja.com.mx\/index.php?rest_route=\/wp\/v2\/posts"}],"about":[{"href":"https:\/\/zonaroja.com.mx\/index.php?rest_route=\/wp\/v2\/types\/post"}],"author":[{"embeddable":true,"href":"https:\/\/zonaroja.com.mx\/index.php?rest_route=\/wp\/v2\/users\/2"}],"replies":[{"embeddable":true,"href":"https:\/\/zonaroja.com.mx\/index.php?rest_route=%2Fwp%2Fv2%2Fcomments&post=68152"}],"version-history":[{"count":1,"href":"https:\/\/zonaroja.com.mx\/index.php?rest_route=\/wp\/v2\/posts\/68152\/revisions"}],"predecessor-version":[{"id":68154,"href":"https:\/\/zonaroja.com.mx\/index.php?rest_route=\/wp\/v2\/posts\/68152\/revisions\/68154"}],"wp:featuredmedia":[{"embeddable":true,"href":"https:\/\/zonaroja.com.mx\/index.php?rest_route=\/wp\/v2\/media\/68153"}],"wp:attachment":[{"href":"https:\/\/zonaroja.com.mx\/index.php?rest_route=%2Fwp%2Fv2%2Fmedia&parent=68152"}],"wp:term":[{"taxonomy":"category","embeddable":true,"href":"https:\/\/zonaroja.com.mx\/index.php?rest_route=%2Fwp%2Fv2%2Fcategories&post=68152"},{"taxonomy":"post_tag","embeddable":true,"href":"https:\/\/zonaroja.com.mx\/index.php?rest_route=%2Fwp%2Fv2%2Ftags&post=68152"}],"curies":[{"name":"wp","href":"https:\/\/api.w.org\/{rel}","templated":true}]}}