{"id":68158,"date":"2024-05-08T20:36:32","date_gmt":"2024-05-09T02:36:32","guid":{"rendered":"https:\/\/zonaroja.com.mx\/?p=68158"},"modified":"2024-05-08T21:19:53","modified_gmt":"2024-05-09T03:19:53","slug":"revoca-el-tribunal-electoral-federal-inhabilitacion-del-cargo-a-elisabeth-sanchez","status":"publish","type":"post","link":"https:\/\/zonaroja.com.mx\/?p=68158","title":{"rendered":"Revoca el Tribunal Electoral federal inhabilitaci\u00f3n del cargo a Elisabeth S\u00e1nchez"},"content":{"rendered":"\n<p>Redacci\u00f3n\/Zona Roja.<\/p>\n\n\n\n<p>Oaxaca de Ju\u00e1rez, Oax., a 8 de mayo de 2024.- La Sala Superior del Tribunal Electoral del Poder Judicial de la Federaci\u00f3n (TEPJF) revoc\u00f3, por unanimidad de votos, las sentencias dictadas por la Segunda Sala Unitaria Especializada en Materia de Responsabilidades Administrativas y Combate a la Corrupci\u00f3n del Tribunal de Justicia Administrativa y Combate a la Corrupci\u00f3n del Estado de Oaxaca, por las que inhabilit\u00f3 temporalmente a la consejera presidenta del Instituto Estatal Electoral y de Participaci\u00f3n Ciudadana de esa entidad federativa, para desempe\u00f1ar empleos, cargos o comisiones en el servicio p\u00fablico y para participar en adquisiciones, arrendamientos u obras p\u00fablicas.<\/p>\n\n\n\n<p>Inconformes con lo anterior, el INE y la consejera presidenta impugnaron las resoluciones al considerar que, en su concepto, la Sala Unitaria carece de competencia para sancionarla con la inhabilitaci\u00f3n por responsabilidad administrativa, su determinaci\u00f3n implic\u00f3 una invasi\u00f3n a las facultades exclusivas del INE de remover a las consejer\u00edas electorales, y vulnera su derecho pol\u00edtico-electoral para integrar autoridades electorales.<\/p>\n\n\n\n<p>En sesi\u00f3n p\u00fablica presencial, la Sala Superior, a propuesta del magistrado Reyes Rodr\u00edguez Mondrag\u00f3n y de la magistrada Janine M. Ot\u00e1lora Malassis, determin\u00f3 que la Sala Unitaria carece de facultades para imponer sanciones de inhabilitaci\u00f3n en el ejercicio del cargo de la consejera presidenta como integrante del Instituto electoral local mencionado o cualquier otra que implique su remoci\u00f3n o separaci\u00f3n del cargo.&nbsp;<\/p>\n\n\n\n<p>Al respecto, el pleno consider\u00f3 que las consejer\u00edas integrantes de los organismos p\u00fablicos electorales locales como parte del sistema nacional electoral, solo pueden ser objeto de remoci\u00f3n mediante determinaci\u00f3n emitida por el Consejo General del INE, de conformidad con lo previsto en los art\u00edculos 116 de la Constituci\u00f3n general y 102, p\u00e1rrafo segundo de la Ley General de Instituciones y Procedimientos Electorales.<\/p>\n\n\n\n<p>Tambi\u00e9n determin\u00f3 que la Contralor\u00eda vulner\u00f3 el procedimiento de responsabilidad previsto en la Ley Electoral de Oaxaca al remitir el expediente original al referido Tribunal de Justicia Administrativa, en lugar del Consejo General, por lo que revoc\u00f3 dicha determinaci\u00f3n \u00fanicamente por lo que hace a la consejera presidenta del Instituto local.<\/p>\n\n\n\n<p>En consecuencia, se dejaron sin efecto las sentencias y todo lo actuado ante el Tribunal, as\u00ed como todos los actos que se hayan dictado para su ejecuci\u00f3n, y se orden\u00f3 la reinstalaci\u00f3n inmediata de la consejera presidenta (SUP-JDC-565\/2024 y acumulados, y SUP-JE-96\/2024 y acumulado).<\/p>\n\n\n\n<figure class=\"wp-block-embed is-type-rich is-provider-twitter wp-block-embed-twitter\"><div class=\"wp-block-embed__wrapper\">\n<div class=\"twitter-tweet\"><blockquote class=\"twitter-tweet\" data-lang=\"es\"><p lang=\"es\" dir=\"ltr\"><a href=\"https:\/\/twitter.com\/hashtag\/%C3%9AltimoMinuto?src=hash&amp;ref_src=twsrc%5Etfw\">#\u00daltimoMinuto<\/a><br>Por unanimidad, el pleno del <a href=\"https:\/\/twitter.com\/TEPJF_informa?ref_src=twsrc%5Etfw\">@TEPJF_informa<\/a> revoc\u00f3 la sanci\u00f3n que impuso el <a href=\"https:\/\/twitter.com\/TJACCOAX?ref_src=twsrc%5Etfw\">@TJACCOAX<\/a> a <a href=\"https:\/\/twitter.com\/Elizabeth_SG1?ref_src=twsrc%5Etfw\">@Elizabeth_SG1<\/a> y ordena restituirla a su cargo como presidenta del Consejo General del <a href=\"https:\/\/twitter.com\/IEEPCO?ref_src=twsrc%5Etfw\">@IEEPCO<\/a>. <a href=\"https:\/\/t.co\/NCztfWRtRV\">pic.twitter.com\/NCztfWRtRV<\/a><\/p>&mdash; Zona Roja Oaxaca (@ZonaRoja_Oaxaca) <a href=\"https:\/\/twitter.com\/ZonaRoja_Oaxaca\/status\/1788316644151865495?ref_src=twsrc%5Etfw\">8 de mayo de 2024<\/a><\/blockquote><\/div>\n<\/div><\/figure>\n","protected":false},"excerpt":{"rendered":"<p>Redacci\u00f3n\/Zona Roja. Oaxaca de Ju\u00e1rez, Oax., a 8 de mayo de 2024.- La Sala Superior&hellip;<\/p>\n","protected":false},"author":2,"featured_media":68160,"comment_status":"closed","ping_status":"open","sticky":false,"template":"","format":"standard","meta":{"_lmt_disableupdate":"","_lmt_disable":"","_jetpack_memberships_contains_paid_content":false,"footnotes":""},"categories":[109,46],"tags":[2924,2844],"class_list":["post-68158","post","type-post","status-publish","format-standard","has-post-thumbnail","hentry","category-minuto-a-minuto","category-zona-blanca","tag-elizabeth-sanchez-gonzalez","tag-tribunal-electoral-del-poder-judicial-de-la-federacion-tepjf"],"jetpack_featured_media_url":"https:\/\/zonaroja.com.mx\/wp-content\/uploads\/2024\/05\/TEPJF-revoca-inhabilitacion-a-consejera-presidenta-de-Oaxaca.jpeg","jetpack_sharing_enabled":true,"_links":{"self":[{"href":"https:\/\/zonaroja.com.mx\/index.php?rest_route=\/wp\/v2\/posts\/68158","targetHints":{"allow":["GET"]}}],"collection":[{"href":"https:\/\/zonaroja.com.mx\/index.php?rest_route=\/wp\/v2\/posts"}],"about":[{"href":"https:\/\/zonaroja.com.mx\/index.php?rest_route=\/wp\/v2\/types\/post"}],"author":[{"embeddable":true,"href":"https:\/\/zonaroja.com.mx\/index.php?rest_route=\/wp\/v2\/users\/2"}],"replies":[{"embeddable":true,"href":"https:\/\/zonaroja.com.mx\/index.php?rest_route=%2Fwp%2Fv2%2Fcomments&post=68158"}],"version-history":[{"count":1,"href":"https:\/\/zonaroja.com.mx\/index.php?rest_route=\/wp\/v2\/posts\/68158\/revisions"}],"predecessor-version":[{"id":68159,"href":"https:\/\/zonaroja.com.mx\/index.php?rest_route=\/wp\/v2\/posts\/68158\/revisions\/68159"}],"wp:featuredmedia":[{"embeddable":true,"href":"https:\/\/zonaroja.com.mx\/index.php?rest_route=\/wp\/v2\/media\/68160"}],"wp:attachment":[{"href":"https:\/\/zonaroja.com.mx\/index.php?rest_route=%2Fwp%2Fv2%2Fmedia&parent=68158"}],"wp:term":[{"taxonomy":"category","embeddable":true,"href":"https:\/\/zonaroja.com.mx\/index.php?rest_route=%2Fwp%2Fv2%2Fcategories&post=68158"},{"taxonomy":"post_tag","embeddable":true,"href":"https:\/\/zonaroja.com.mx\/index.php?rest_route=%2Fwp%2Fv2%2Ftags&post=68158"}],"curies":[{"name":"wp","href":"https:\/\/api.w.org\/{rel}","templated":true}]}}