{"id":68179,"date":"2024-05-09T10:29:00","date_gmt":"2024-05-09T16:29:00","guid":{"rendered":"https:\/\/zonaroja.com.mx\/?p=68179"},"modified":"2024-05-09T07:53:59","modified_gmt":"2024-05-09T13:53:59","slug":"exigen-a-poder-judicial-de-oaxaca-no-dejar-impune-agresion-a-funcionaria-municipal","status":"publish","type":"post","link":"https:\/\/zonaroja.com.mx\/?p=68179","title":{"rendered":"Exigen a Poder Judicial de Oaxaca no dejar impune agresi\u00f3n a funcionaria municipal"},"content":{"rendered":"\n<p>Ismael Garc\u00eda M.\/Zona Roja.<\/p>\n\n\n\n<p>Oaxaca de Ju\u00e1rez, Oax., a 9 de mayo de 2024.- Organismos de la sociedad civil exigieron al Poder Judicial de Oaxaca no dejar impune la agresi\u00f3n de un regidor del ayuntamiento de San Miguel Amatl\u00e1n, Ixtl\u00e1n, en contra de la secretaria municipal.<\/p>\n\n\n\n<p>En un comunicado, manifestaron su indignaci\u00f3n y preocupaci\u00f3n por la violencia sexual que fue v\u00edctima Elizabeth M. L. de parte del regidor de Hacienda del municipio de Amatl\u00e1n, a finales del a\u00f1o 2023, cuando se encontraba laborando en una de las oficinas de dicha comunidad.<\/p>\n\n\n\n<p>En la fecha de los hechos, ella fung\u00eda como secretaria Municipal; adem\u00e1s ha desempe\u00f1ados varios cargos en su municipio, ha sido promotora de salud, regidora de Educaci\u00f3n, Comit\u00e9 de Obra, Coordinadora de grupos Sembrando Vida, Coordinadora de Medicas Tradicionales, Suplente del primer secretario de Consejo de Vigilancia de Bienes Comunales, entre otros.<\/p>\n\n\n\n<p>\u201cEste hecho nos lastima profundamente a todas las mujeres. Ya que la violencia sexual es un ejercicio de dominaci\u00f3n, abuso y control cometido violenta y arbitrariamente, adem\u00e1s lesiona la dignidad de todas las mujeres ind\u00edgenas, aunado a los da\u00f1os psicol\u00f3gicos, sociales y comunitarios que acarrean; tambi\u00e9n es una manifestaci\u00f3n de la desigualdad de g\u00e9nero a las que nos enfrentamos como mujeres ind\u00edgenas\u201d.&nbsp;<\/p>\n\n\n\n<p>\u201cNos preocupa que desde la comunidad y desde las autoridades comunitarias de San Miguel Amatl\u00e1n, encabezada por la presidenta municipal de dicho municipio, se quiera generar impunidad, amedrentando a la v\u00edctima o bien distorsionando la informaci\u00f3n y tratando de convocar a asamblea, nada justifica la violencia sexual de la que fue v\u00edctima Elizabeth M.L.&nbsp;<\/p>\n\n\n\n<p>\u201cEl hecho de que ella sea una mujer ind\u00edgena o que los hechos se cometieron en el interior de una de las oficinas del palacio municipal de un municipio ind\u00edgena, nada justifica dicha violencia; este acto solo pretende generar impunidad, ning\u00fan sistema normativo ind\u00edgena o \u00abusos y costumbres\u00bb<\/p>\n\n\n\n<p>ni la justicia comunitaria puede generar impunidad\u201d, difundieron en el comunicado.<\/p>\n\n\n\n<p>Por ello, demandaron a la Jueza de Control de Ixtl\u00e1n de Ju\u00e1rez, Viridiana Ricardez, actu\u00e9 con imparcialidad, con perspectiva de g\u00e9nero e interculturalidad, asimismo tome en cuenta el contexto en que se encuentran las mujeres v\u00edctimas de este tipo de hechos y la desigualdad estructural y sistemas que enfrentan las mujeres ind\u00edgenas en el ejercicio de sus derechos.<\/p>\n\n\n\n<p>A la presidenta del Tribunal Superior de Justicia del Estado, demandaron que est\u00e9 atenta al actuar de la Jueza del Control que lleva este asunto, ya que est\u00e1 pr\u00f3ximo a resolver su situaci\u00f3n jur\u00eddica.<\/p>\n\n\n\n<p>\ufeff\ufeff\ufeffAl fiscal General de Justicia del Estado, a vigilar para que el Ministerio P\u00fablico llevador de la Carpeta de Investigaci\u00f3n, realmente represente y defienda los derechos de la v\u00edctima.<\/p>\n\n\n\n<p>\u201cNos declaramos en alerta y estaremos atentas y vigilantes para que este caso no quede impune y Elizabeth M.L., obtenga justicia y reparaci\u00f3n integral y contextual\u201d, remarcaron las organizaciones Red Nacional de Abogadas Ind\u00edgenas, Consorcio Oaxaca A.C., Asamblea de Mujeres Ind\u00edgenas de Oaxaca (AMIO), Ixmucane, A.C. y Uni\u00f3n de Organizaciones de la Sierra Ju\u00e1rez.<\/p>\n","protected":false},"excerpt":{"rendered":"<p>Ismael Garc\u00eda M.\/Zona Roja. Oaxaca de Ju\u00e1rez, Oax., a 9 de mayo de 2024.- Organismos&hellip;<\/p>\n","protected":false},"author":2,"featured_media":68180,"comment_status":"closed","ping_status":"open","sticky":false,"template":"","format":"standard","meta":{"_lmt_disableupdate":"","_lmt_disable":"","_jetpack_memberships_contains_paid_content":false,"footnotes":""},"categories":[109,47],"tags":[3933],"class_list":["post-68179","post","type-post","status-publish","format-standard","has-post-thumbnail","hentry","category-minuto-a-minuto","category-zona-gris","tag-san-miguel-amatlan"],"jetpack_featured_media_url":"https:\/\/zonaroja.com.mx\/wp-content\/uploads\/2024\/05\/Agresion-a-mujer-violencia-.jpg","jetpack_sharing_enabled":true,"_links":{"self":[{"href":"https:\/\/zonaroja.com.mx\/index.php?rest_route=\/wp\/v2\/posts\/68179","targetHints":{"allow":["GET"]}}],"collection":[{"href":"https:\/\/zonaroja.com.mx\/index.php?rest_route=\/wp\/v2\/posts"}],"about":[{"href":"https:\/\/zonaroja.com.mx\/index.php?rest_route=\/wp\/v2\/types\/post"}],"author":[{"embeddable":true,"href":"https:\/\/zonaroja.com.mx\/index.php?rest_route=\/wp\/v2\/users\/2"}],"replies":[{"embeddable":true,"href":"https:\/\/zonaroja.com.mx\/index.php?rest_route=%2Fwp%2Fv2%2Fcomments&post=68179"}],"version-history":[{"count":1,"href":"https:\/\/zonaroja.com.mx\/index.php?rest_route=\/wp\/v2\/posts\/68179\/revisions"}],"predecessor-version":[{"id":68181,"href":"https:\/\/zonaroja.com.mx\/index.php?rest_route=\/wp\/v2\/posts\/68179\/revisions\/68181"}],"wp:featuredmedia":[{"embeddable":true,"href":"https:\/\/zonaroja.com.mx\/index.php?rest_route=\/wp\/v2\/media\/68180"}],"wp:attachment":[{"href":"https:\/\/zonaroja.com.mx\/index.php?rest_route=%2Fwp%2Fv2%2Fmedia&parent=68179"}],"wp:term":[{"taxonomy":"category","embeddable":true,"href":"https:\/\/zonaroja.com.mx\/index.php?rest_route=%2Fwp%2Fv2%2Fcategories&post=68179"},{"taxonomy":"post_tag","embeddable":true,"href":"https:\/\/zonaroja.com.mx\/index.php?rest_route=%2Fwp%2Fv2%2Ftags&post=68179"}],"curies":[{"name":"wp","href":"https:\/\/api.w.org\/{rel}","templated":true}]}}