{"id":6818,"date":"2019-12-20T09:02:46","date_gmt":"2019-12-20T15:02:46","guid":{"rendered":"http:\/\/www.zonaroja.com.mx\/?p=6818"},"modified":"2019-12-20T09:02:49","modified_gmt":"2019-12-20T15:02:49","slug":"continua-la-indignacion-social-por-el-caso-de-la-saxofonista-maria-elena","status":"publish","type":"post","link":"https:\/\/zonaroja.com.mx\/?p=6818","title":{"rendered":"Contin\u00faa la indignaci\u00f3n social por el caso de la saxofonista Mar\u00eda Elena"},"content":{"rendered":"\n<p>Evlin Arag\u00f3n\/Zona Roja.<\/p>\n\n\n\n<p>Oaxaca de Ju\u00e1rez, Oax., 20 de diciembre\nde 2019.- La petici\u00f3n de justicia para Mar\u00eda Elena a trav\u00e9s de la plataforma\nChange.org que un inicio buscaba siete mil 500 firmas de adhesi\u00f3n, rebasa las\n63 mil personas de diferentes partes del mundo que se han indignado con el\nataque con \u00e1cido del que fue v\u00edctima la joven saxofonista de 26 a\u00f1os de edad,\noriginaria de Huajuapan de Le\u00f3n.<\/p>\n\n\n\n<p>En la plataforma digital se da cuenta\nde los hechos ocurridos a principios del mes de septiembre, cuando un sujeto la\nroci\u00f3 de \u00e1cido al interior de su domicilio; la deficiente atenci\u00f3n m\u00e9dica en el\nHospital Civil de Oaxaca, que no cuenta con personal especializado para atender\nlas quemaduras, as\u00ed como la exigencia del gobernador Alejandro Murat Hinojosa,\nel fiscal general, Rub\u00e9n Vasconcelos M\u00e9ndez, y la secretar\u00eda de la Mujer, Ana\nV\u00e1squez Colmenares para que hagan justicia.<\/p>\n\n\n\n<p>Decenas de perfiles de Facebook se han\nvolcado a compartir la solicitud digital para que m\u00e1s personas la firman,\nsituaci\u00f3n que ha permitido que el primer caso registrado de violencia de g\u00e9nero\ncon el uso de \u00e1cido en Oaxaca trascienda incluso a nivel internacional.<\/p>\n\n\n\n<p>Aunque la joven fue trasladada a la\nCiudad de M\u00e9xico para recibir atenci\u00f3n especializada, esto se llev\u00f3 a cabo s\u00f3lo\na trav\u00e9s de la presi\u00f3n desde los medios de comunicaci\u00f3n de comunicaci\u00f3n y redes\nsociales que se volcaron en exigir acciones concretas del gobierno de Oaxaca,\nincluida la procuraci\u00f3n de justicia que sigue pendiente.<\/p>\n\n\n\n<p>La fotograf\u00eda y el perfil de Juan Vera\nCarrizal, ex diputado local por el PVEM-PRI, se\u00f1alado por familiares de la\njoven como autor intelectual de ataque, se ha hecho viral en las redes en donde\nincluso, desde hace un par de d\u00edas, se promueve un boicot a las empresas\ngasolineras propiedad del empresario.<\/p>\n\n\n\n<p>BOICOT A EMPRESAS<\/p>\n\n\n\n<p>\u201cAmig@s de Oaxaca, no compren en estas\ngasolineras; su due\u00f1o fue quien quem\u00f3 con \u00e1cido a la saxofonista Mar\u00eda Elena. BOICOT\na JUAN VERA CARRIZAL\u201d, cita el mensaje distribuido en las redes sociales y v\u00eda\nmensajes de Whatsapp.<\/p>\n\n\n\n<p>Tambi\u00e9n se refiere que las\ndespachadoras de combustible a su nombre est\u00e1n ubicadas en San Jacinto Amilpas,\nSan Sebasti\u00e1n Tecomaxtlahuaca, Huajuapan de Le\u00f3n, Oaxaca; La Cieneguita, San\nFrancisco Tutla, Santa Luc\u00eda del Camino, as\u00ed como en las carreteras\nJuxtlahuaca-Putla e Ixpantepec-Silacayoapan.<\/p>\n\n\n\n<p>De acuerdo a los testimonios de Silvia\nR\u00edos, hermana de la joven, se sabe que Juan Vera s\u00ed sostuvo una relaci\u00f3n\nsentimental con Mar\u00eda Elena, la cual se torn\u00f3 violenta como dan fe los mensajes\nde celular que mantienen bajo resguardo por miedo a que alguien de la Fiscal\u00eda\npueda borrarlos.<\/p>\n\n\n\n<p>As\u00ed lo declar\u00f3 recientemente al diario\n\u201cEl Pa\u00eds\u201d en donde adem\u00e1s se dio a conocer que la saxofonista oaxaque\u00f1a perdi\u00f3\nun ojo y la movilidad de la mitad de su rostro debido a la deficiente atenci\u00f3n\nm\u00e9dica que recibi\u00f3 durante los tres meses posteriores al ataque, adem\u00e1s que los\nda\u00f1os del qu\u00edmico penetraron sus mejillas, boca, cuello, pecho, brazos y\npiernas.<\/p>\n\n\n\n<p>Por lo anterior la exigencia de\njusticia para Mar\u00eda Elena contin\u00faa, incluso el pasado lunes se registr\u00f3 una\nmanifestaci\u00f3n simult\u00e1nea en la Ciudad de M\u00e9xico y Oaxaca para exigir a las\nautoridades de procuraci\u00f3n de justicia que realicen su trabajo y sancionen a\nlos responsables del ataque.<\/p>\n","protected":false},"excerpt":{"rendered":"<p>Evlin Arag\u00f3n\/Zona Roja. Oaxaca de Ju\u00e1rez, Oax., 20 de diciembre de 2019.- La petici\u00f3n de&hellip;<\/p>\n","protected":false},"author":2,"featured_media":6686,"comment_status":"closed","ping_status":"open","sticky":false,"template":"","format":"standard","meta":{"_lmt_disableupdate":"","_lmt_disable":"","_jetpack_memberships_contains_paid_content":false,"footnotes":""},"categories":[109,51],"tags":[1144,1124],"class_list":["post-6818","post","type-post","status-publish","format-standard","has-post-thumbnail","hentry","category-minuto-a-minuto","category-zona-roja","tag-juan-antonio-vera-carrizal","tag-maria-elena-rios-ortiz"],"jetpack_featured_media_url":"https:\/\/zonaroja.com.mx\/wp-content\/uploads\/2019\/12\/Vera-Carrizal-y-Mar\u00eda-Elena.jpg","jetpack_sharing_enabled":true,"_links":{"self":[{"href":"https:\/\/zonaroja.com.mx\/index.php?rest_route=\/wp\/v2\/posts\/6818","targetHints":{"allow":["GET"]}}],"collection":[{"href":"https:\/\/zonaroja.com.mx\/index.php?rest_route=\/wp\/v2\/posts"}],"about":[{"href":"https:\/\/zonaroja.com.mx\/index.php?rest_route=\/wp\/v2\/types\/post"}],"author":[{"embeddable":true,"href":"https:\/\/zonaroja.com.mx\/index.php?rest_route=\/wp\/v2\/users\/2"}],"replies":[{"embeddable":true,"href":"https:\/\/zonaroja.com.mx\/index.php?rest_route=%2Fwp%2Fv2%2Fcomments&post=6818"}],"version-history":[{"count":1,"href":"https:\/\/zonaroja.com.mx\/index.php?rest_route=\/wp\/v2\/posts\/6818\/revisions"}],"predecessor-version":[{"id":6819,"href":"https:\/\/zonaroja.com.mx\/index.php?rest_route=\/wp\/v2\/posts\/6818\/revisions\/6819"}],"wp:featuredmedia":[{"embeddable":true,"href":"https:\/\/zonaroja.com.mx\/index.php?rest_route=\/wp\/v2\/media\/6686"}],"wp:attachment":[{"href":"https:\/\/zonaroja.com.mx\/index.php?rest_route=%2Fwp%2Fv2%2Fmedia&parent=6818"}],"wp:term":[{"taxonomy":"category","embeddable":true,"href":"https:\/\/zonaroja.com.mx\/index.php?rest_route=%2Fwp%2Fv2%2Fcategories&post=6818"},{"taxonomy":"post_tag","embeddable":true,"href":"https:\/\/zonaroja.com.mx\/index.php?rest_route=%2Fwp%2Fv2%2Ftags&post=6818"}],"curies":[{"name":"wp","href":"https:\/\/api.w.org\/{rel}","templated":true}]}}