{"id":68182,"date":"2024-05-09T12:55:00","date_gmt":"2024-05-09T18:55:00","guid":{"rendered":"https:\/\/zonaroja.com.mx\/?p=68182"},"modified":"2024-05-09T08:00:22","modified_gmt":"2024-05-09T14:00:22","slug":"opinion-agave-en-crisis-mezcal-en-la-mira","status":"publish","type":"post","link":"https:\/\/zonaroja.com.mx\/?p=68182","title":{"rendered":"Opini\u00f3n. Agave en crisis; mezcal en la mira"},"content":{"rendered":"\n<p>N\u00e9stor Y. S\u00e1nchez Islas.<\/p>\n\n\n\n<p>Medios nacionales documentan desde hace un a\u00f1o el declive del precio del agave tequilero. En Oaxaca este tema casi no se menciona. Sin embargo, la ca\u00edda del agave tequilero significa tambi\u00e9n la ca\u00edda del agave mezcalero y,&nbsp;debido&nbsp;al peso que en los \u00faltimos a\u00f1os ha adquirido la cadena productiva del mezcal&nbsp;en la econom\u00eda estatal, el impacto de la crisis en puerta debe ser atendido desde ahora.<\/p>\n\n\n\n<p>A trav\u00e9s de una entrevista con el doctorando del IPN \u00c1ngel Sa\u00fal Cruz Ram\u00edrez tuve la oportunidad de conocer la investigaci\u00f3n desde el punto de vista&nbsp;econom\u00e9trico&nbsp;que hace de la producci\u00f3n del mezcal en Oaxaca y que, por m\u00e1s que se quiera ignorar, se rige por la ley de la oferta y la demanda: a mayor abundancia de materia prima, menor precio del producto. La investigaci\u00f3n la&nbsp;resumiremos&nbsp;en la secci\u00f3n de Ciencia que publicamos en EL IMPARCIAL los mi\u00e9rcoles&nbsp;dentro de&nbsp;unas pocas semanas.<\/p>\n\n\n\n<p>La informaci\u00f3n proveniente del Consejo Regulador del Tequila, CRT,&nbsp;se\u00f1ala que existe una gran oferta de agave, al grado de que ni todas las tequileras juntas tendr\u00edan la capacidad de procesarlo, por tanto, el precio est\u00e1 bajando desde los $25 por kilo a los actuales $10. Ellos mismos est\u00e1n alertando a los sembradores del agave que analicen muy bien la&nbsp;reconversi\u00f3n&nbsp;de sus cultivos debido al largo ciclo de siete a\u00f1os que necesita el agave tequilero para madurar. Es decir, piensen bien qu\u00e9 van a sembrar porque los precios estar\u00e1n bajos por varios a\u00f1os.<\/p>\n\n\n\n<p>El agave mezcalero est\u00e1 siguiendo los pasos de Jalisco. De estar por arriba de los $15 por kilo hace 5 a\u00f1os, hoy apenas alcanza los $8 y se han sembrado miles de hect\u00e1reas adicionales. El mercado del tequila est\u00e1 padeciendo un estancamiento de consumo en los Estados Unidos&nbsp;y&nbsp;es seguro que el mezcal seguir\u00e1 sus pasos y, de acuerdo con los patrones culturales&nbsp;en&nbsp;que&nbsp;descansa su demanda&nbsp;influido&nbsp;por la&nbsp;tendencias culinarias&nbsp;hispanas, no&nbsp;ser\u00e1&nbsp;f\u00e1cil introducir altos vol\u00famenes de mezcal en otras regiones del mundo&nbsp;con menos presencia mexicana.<\/p>\n\n\n\n<p>A diferencia de otras crisis anteriores, la velocidad de la ca\u00edda de los precios es lo que sorprende. La investigaci\u00f3n econom\u00e9trica de \u00c1ngel Sa\u00fal Cruz Ram\u00edrez descubri\u00f3, con datos duros, que el mezcal y el tequila tienen un ciclo de entre 17 y 18 a\u00f1os a partir de 1966, por lo que ahora estamos saliendo de la parte superior de los precios altos&nbsp;y&nbsp;nos dirigimos&nbsp;al ciclo&nbsp;delos&nbsp;precios bajos que, explicado por el mismo investigador, suelen durar, por lo menos, el doble de a\u00f1os que los ciclos de&nbsp;altos&nbsp;precios. Tenemos un problema en puerta que tendr\u00e1 repercusiones sociales en el campo oaxaque\u00f1o. En palabras b\u00edblicas, tanto el gobierno como los productores y todos los que participan en la cadena productiva deber\u00e1n prepararse para los tiempos de las vacas flacas.<\/p>\n\n\n\n<p>Alrededor del mezcal se han construido mitos y se han levantado fortunas, se han deforestado bosques para disponer de le\u00f1a, se ha contaminado el suelo y se han usado enormes cantidades agua por cada litro producido.&nbsp;Pero tambi\u00e9n se han creado fondos de inversi\u00f3n respaldados por&nbsp;la producci\u00f3n de agave. \u00bfVeremos otras&nbsp;vez, como cuando las cooperativas de ahorro, a miles de personas protestando porque perdieron el dinero invertido ante la&nbsp;ca\u00edda&nbsp;de precios?<\/p>\n\n\n\n<p>Busqu\u00e9 informaci\u00f3n en la p\u00e1gina web del&nbsp;Comercam&nbsp;y no hay&nbsp;alertas o informaci\u00f3n para los productores, pero si otras cifras&nbsp;que indican que el mezcal&nbsp;genera 55 mil empleos directos, provoca una derrama superior a los $36 mil millones de pesos o que&nbsp;hay&nbsp;m\u00e1s de 125 mil familias est\u00e1n involucradas en esta cadena productiva. Lo que si publican es que entre el 2022 y el 2024 la producci\u00f3n de mezcal tuvo una reducci\u00f3n del 13.6% en promedio. Esto significa que los mezcaleros deber\u00e1n competir m\u00e1s por sacar su producci\u00f3n al mercado y deber\u00e1n empezar a bajar precios para lograrlo. Es la ley de la oferta y la demanda que rige al mercado y que tambi\u00e9n le pega al tequila, aunque la diferencia entre uno y otros es abismal: se producen m\u00e1s de 600 millones de tequila al a\u00f1o por solo 14 millones de litros de mezcal en el mismo periodo. Por cierto, el super peso del que tanto se ufana el presidente es una de las causas de la ca\u00edda de las exportaciones&nbsp;porque encarece&nbsp;al mezcal&nbsp;de exportaci\u00f3n.<\/p>\n\n\n\n<p>De acuerdo con el doctorando \u00c1ngel Sa\u00fal es necesario implementar pol\u00edticas que aminoren el golpe porque es posible que los precios se recuperan hasta el a\u00f1o 2034 o m\u00e1s de acuerdo con el ciclo econ\u00f3mico por \u00e9l descubierto. Al agave, entonces, habr\u00e1 que encontrarle otros usos, como la producci\u00f3n de miel o alimento. Los campesinos deber\u00e1n analizar la reconversi\u00f3n de sus cultivos y mucha gente metida al negocio del mezcal deber\u00e1 encontrar la forma de sobrevivir si la bajada de precios es muy acentuada. Hay en este momento una sobre oferta de agave.<\/p>\n\n\n\n<p>Esta crisis en puerta no significa el fin ni del tequila ni del mezcal,&nbsp;pero habr\u00e1 mucho menos dinero disponible en esa cadena productiva.<\/p>\n\n\n\n<p>nestoryuri@yahoo.com<\/p>\n","protected":false},"excerpt":{"rendered":"<p>N\u00e9stor Y. S\u00e1nchez Islas. Medios nacionales documentan desde hace un a\u00f1o el declive del precio&hellip;<\/p>\n","protected":false},"author":2,"featured_media":67897,"comment_status":"closed","ping_status":"open","sticky":false,"template":"","format":"standard","meta":{"_lmt_disableupdate":"","_lmt_disable":"","_jetpack_memberships_contains_paid_content":false,"footnotes":""},"categories":[456,109],"tags":[3050],"class_list":["post-68182","post","type-post","status-publish","format-standard","has-post-thumbnail","hentry","category-columna","category-minuto-a-minuto","tag-nestor-yuri-sanchez"],"jetpack_featured_media_url":"https:\/\/zonaroja.com.mx\/wp-content\/uploads\/2024\/05\/Opinion-Nestor-Yuri-Sanchez.jpeg","jetpack_sharing_enabled":true,"_links":{"self":[{"href":"https:\/\/zonaroja.com.mx\/index.php?rest_route=\/wp\/v2\/posts\/68182","targetHints":{"allow":["GET"]}}],"collection":[{"href":"https:\/\/zonaroja.com.mx\/index.php?rest_route=\/wp\/v2\/posts"}],"about":[{"href":"https:\/\/zonaroja.com.mx\/index.php?rest_route=\/wp\/v2\/types\/post"}],"author":[{"embeddable":true,"href":"https:\/\/zonaroja.com.mx\/index.php?rest_route=\/wp\/v2\/users\/2"}],"replies":[{"embeddable":true,"href":"https:\/\/zonaroja.com.mx\/index.php?rest_route=%2Fwp%2Fv2%2Fcomments&post=68182"}],"version-history":[{"count":1,"href":"https:\/\/zonaroja.com.mx\/index.php?rest_route=\/wp\/v2\/posts\/68182\/revisions"}],"predecessor-version":[{"id":68183,"href":"https:\/\/zonaroja.com.mx\/index.php?rest_route=\/wp\/v2\/posts\/68182\/revisions\/68183"}],"wp:featuredmedia":[{"embeddable":true,"href":"https:\/\/zonaroja.com.mx\/index.php?rest_route=\/wp\/v2\/media\/67897"}],"wp:attachment":[{"href":"https:\/\/zonaroja.com.mx\/index.php?rest_route=%2Fwp%2Fv2%2Fmedia&parent=68182"}],"wp:term":[{"taxonomy":"category","embeddable":true,"href":"https:\/\/zonaroja.com.mx\/index.php?rest_route=%2Fwp%2Fv2%2Fcategories&post=68182"},{"taxonomy":"post_tag","embeddable":true,"href":"https:\/\/zonaroja.com.mx\/index.php?rest_route=%2Fwp%2Fv2%2Ftags&post=68182"}],"curies":[{"name":"wp","href":"https:\/\/api.w.org\/{rel}","templated":true}]}}