{"id":68187,"date":"2024-05-09T12:19:00","date_gmt":"2024-05-09T18:19:00","guid":{"rendered":"https:\/\/zonaroja.com.mx\/?p=68187"},"modified":"2024-05-09T08:24:31","modified_gmt":"2024-05-09T14:24:31","slug":"en-oaxaca-por-primera-vez-personas-en-prision-ejercen-derecho-al-voto","status":"publish","type":"post","link":"https:\/\/zonaroja.com.mx\/?p=68187","title":{"rendered":"En Oaxaca, por primera vez personas en prisi\u00f3n ejercen derecho al voto\u00a0"},"content":{"rendered":"\n<p>Redacci\u00f3n\/Zona Roja.<\/p>\n\n\n\n<p>Oaxaca de Ju\u00e1rez, Oax., 9 de mayo de 2024.- Por primera vez en Oaxaca, m\u00e1s de 200 Personas Privadas de la Libertad (PPL) en prisi\u00f3n preventiva del Centro Penitenciario Varonil de Tanivet, ejercieron su derecho al sufragio, en el marco del inicio del proceso electoral concurrente 2023-2024 de Votaci\u00f3n Anticipada.<\/p>\n\n\n\n<p>El arranque de esta jornada que abarcar\u00e1 los ocho centros penitenciarios del estado, fue posible mediante la coordinaci\u00f3n entre la Subsecretar\u00eda de Prevenci\u00f3n y Reinserci\u00f3n Social (SPRS) de la Secretar\u00eda de Seguridad y Protecci\u00f3n Ciudadana (SSPC) y la Junta Local Ejecutiva del Instituto Nacional Electoral (INE) en Oaxaca,&nbsp;<\/p>\n\n\n\n<p>A fin de garantizar el orden y la seguridad en este proceso electoral, la Subsecretar\u00eda capacit\u00f3 a todo el personal involucrado a trav\u00e9s del Procedimiento de Ingreso, Permanencia y Egreso de las Autoridades Electorales, Partidos Pol\u00edticos, Observadores en el Desarrollo de la Votaci\u00f3n de las Personas Privadas de la Libertad en Prisi\u00f3n Preventiva.<\/p>\n\n\n\n<p>El inicio de esta jornada fue atestiguado por representantes de la SPRS; de la Junta Local Ejecutiva del INE en Oaxaca; de la Defensor\u00eda P\u00fablica Electoral del Tribunal Electoral del Poder Judicial de la Federaci\u00f3n, entre otros.<\/p>\n\n\n\n<p>Bajo un enfoque progresista de maximizaci\u00f3n de derechos, en apego a los principios pro persona y de presunci\u00f3n de inocencia de las PPL en prisi\u00f3n preventiva, este proceso tambi\u00e9n se realizar\u00e1 en los centros penitenciarios Femenil Tanivet, Etla, Miahuatl\u00e1n, Cuicatl\u00e1n, Juquila, Tuxtepec y Tehuantepec.<\/p>\n","protected":false},"excerpt":{"rendered":"<p>Redacci\u00f3n\/Zona Roja. Oaxaca de Ju\u00e1rez, Oax., 9 de mayo de 2024.- Por primera vez en&hellip;<\/p>\n","protected":false},"author":2,"featured_media":68188,"comment_status":"closed","ping_status":"open","sticky":false,"template":"","format":"standard","meta":{"_lmt_disableupdate":"","_lmt_disable":"","_jetpack_memberships_contains_paid_content":false,"footnotes":""},"categories":[109,47],"tags":[3809],"class_list":["post-68187","post","type-post","status-publish","format-standard","has-post-thumbnail","hentry","category-minuto-a-minuto","category-zona-gris","tag-elecciones-2024-oaxaca"],"jetpack_featured_media_url":"https:\/\/zonaroja.com.mx\/wp-content\/uploads\/2024\/05\/Personas-reclusas-ejercen-voto.jpg","jetpack_sharing_enabled":true,"_links":{"self":[{"href":"https:\/\/zonaroja.com.mx\/index.php?rest_route=\/wp\/v2\/posts\/68187","targetHints":{"allow":["GET"]}}],"collection":[{"href":"https:\/\/zonaroja.com.mx\/index.php?rest_route=\/wp\/v2\/posts"}],"about":[{"href":"https:\/\/zonaroja.com.mx\/index.php?rest_route=\/wp\/v2\/types\/post"}],"author":[{"embeddable":true,"href":"https:\/\/zonaroja.com.mx\/index.php?rest_route=\/wp\/v2\/users\/2"}],"replies":[{"embeddable":true,"href":"https:\/\/zonaroja.com.mx\/index.php?rest_route=%2Fwp%2Fv2%2Fcomments&post=68187"}],"version-history":[{"count":1,"href":"https:\/\/zonaroja.com.mx\/index.php?rest_route=\/wp\/v2\/posts\/68187\/revisions"}],"predecessor-version":[{"id":68189,"href":"https:\/\/zonaroja.com.mx\/index.php?rest_route=\/wp\/v2\/posts\/68187\/revisions\/68189"}],"wp:featuredmedia":[{"embeddable":true,"href":"https:\/\/zonaroja.com.mx\/index.php?rest_route=\/wp\/v2\/media\/68188"}],"wp:attachment":[{"href":"https:\/\/zonaroja.com.mx\/index.php?rest_route=%2Fwp%2Fv2%2Fmedia&parent=68187"}],"wp:term":[{"taxonomy":"category","embeddable":true,"href":"https:\/\/zonaroja.com.mx\/index.php?rest_route=%2Fwp%2Fv2%2Fcategories&post=68187"},{"taxonomy":"post_tag","embeddable":true,"href":"https:\/\/zonaroja.com.mx\/index.php?rest_route=%2Fwp%2Fv2%2Ftags&post=68187"}],"curies":[{"name":"wp","href":"https:\/\/api.w.org\/{rel}","templated":true}]}}