{"id":68193,"date":"2024-05-09T20:41:09","date_gmt":"2024-05-10T02:41:09","guid":{"rendered":"https:\/\/zonaroja.com.mx\/?p=68193"},"modified":"2024-05-09T20:41:11","modified_gmt":"2024-05-10T02:41:11","slug":"universitarios-se-comprometen-a-respaldar-a-martinez-neri","status":"publish","type":"post","link":"https:\/\/zonaroja.com.mx\/?p=68193","title":{"rendered":"Universitarios se comprometen a respaldar a Mart\u00ednez Neri"},"content":{"rendered":"\n<p>Redacci\u00f3n\/Zona Roja.<\/p>\n\n\n\n<p>Oaxaca de Ju\u00e1rez, Oax., a 9 de mayo de 2024.- J\u00f3venes universitarios de la Benem\u00e9rita Universidad de Oaxaca (BUO) y del Instituto Mexicano de Ciencias M\u00e9dicas se pronunciaron a favor de Francisco Mart\u00ednez Neri para que contin\u00fae otros tres a\u00f1os al frente de la presidencia municipal de Oaxaca de Ju\u00e1rez.<\/p>\n\n\n\n<p>Durante una visita a la BUO, el candidato de Morena recalc\u00f3 el compromiso de sumar esfuerzos con el estudiantado de la capital para alcanzar la consolidaci\u00f3n de la transformaci\u00f3n de la vida p\u00fablica.<\/p>\n\n\n\n<p>Ante integrantes de la planilla, personal directivo y docentes, Mart\u00ednez Neri resalt\u00f3 que el proyecto que encabeza considera a las juventudes como entes principales de la transformaci\u00f3n, por lo que comparti\u00f3 el compromiso de seguir trabajando en la gesti\u00f3n e impulso de mejores oportunidades hacia la mejora de la calidad de vida de este importante sector.&nbsp;<\/p>\n\n\n\n<p>En ese sentido, reiter\u00f3 el llamado a las y los estudiantes a involucrarse en la vida pol\u00edtica del pa\u00eds a trav\u00e9s de ejercer el voto en las pr\u00f3ximas elecciones, lo que permitir\u00e1 dijo, trabajar de la mano con la pr\u00f3xima presidenta de M\u00e9xico, Claudia Sheinbaum Pardo.&nbsp;<\/p>\n\n\n\n<p>\u201cDe ah\u00ed la importancia de apoyarla, de darle la confianza, ya que se trata de una mujer preparada que seguramente har\u00e1 cosas importantes para nuestro pa\u00eds, y en el caso concreto de nosotros, para Oaxaca de Ju\u00e1rez\u201d, enfatiz\u00f3.&nbsp;<\/p>\n\n\n\n<p>En el foro de intercambio de ideas, Francisco Mart\u00ednez Neri se comprometi\u00f3 en fortalecer convenios de colaboraci\u00f3n interinstitucionales que busquen fortalecer acciones en materia de salud, como lo son jornadas gratuitas de atenci\u00f3n en las agencias municipales.&nbsp;<\/p>\n\n\n\n<p>Subray\u00f3 la disposici\u00f3n de mantener el trabajo coordinado con los gobiernos federal y estatal para optimizar las tareas de seguridad en la ciudad capital, as\u00ed como gestionar m\u00e1s recursos econ\u00f3micos que puedan ser empleados en m\u00e1s y mejor equipamiento para las y los efectivos.\u00a0<\/p>\n\n\n\n<figure class=\"wp-block-embed is-type-rich is-provider-twitter wp-block-embed-twitter\"><div class=\"wp-block-embed__wrapper\">\n<div class=\"twitter-tweet\"><blockquote class=\"twitter-tweet\" data-lang=\"es\"><p lang=\"es\" dir=\"ltr\">Como adulto y maestro, uno aprende mucho de las juventudes y el alumnado. Fue un placer compartir y dialogar sobre temas de alto nivel con el alumnado de la carrera de Medicina de la Benem\u00e9rita Universidad de Oaxaca (BUO). Sus preguntas y comentarios sobre la situaci\u00f3n de nuestro\u2026 <a href=\"https:\/\/t.co\/AcY6I2jlx6\">pic.twitter.com\/AcY6I2jlx6<\/a><\/p>&mdash; Francisco Mart\u00ednez Neri (@FMartinezNeri) <a href=\"https:\/\/twitter.com\/FMartinezNeri\/status\/1788321714734084205?ref_src=twsrc%5Etfw\">8 de mayo de 2024<\/a><\/blockquote><\/div>\n<\/div><\/figure>\n\n\n\n<p>Por \u00faltimo, invit\u00f3 al electorado a votar por las y los candidatos de Morena a las diputaciones locales, federales y al Senado de la Rep\u00fablica.&nbsp;<\/p>\n\n\n\n<p>En su momento, directivos de la instituci\u00f3n compartieron el agradecimiento a la planilla y al candidato por recoger inquietudes de todos los sectores de la poblaci\u00f3n, especialmente de las y los j\u00f3venes que representan el presente y futuro de la naci\u00f3n.<\/p>\n\n\n\n<p>CON FUTUROS M\u00c9DICOS<\/p>\n\n\n\n<p>En otro encuentro y para compartir las acciones que consolidar\u00e1n la transformaci\u00f3n en la ciudad capital de la mano de las y los j\u00f3venes, el candidato de Morena a la presidencia municipal, Francisco Mart\u00ednez Neri, sostuvo un di\u00e1logo con alumnado del Instituto Mexicano de Ciencias M\u00e9dicas (IMEDI) Campus Oaxaca.&nbsp;<\/p>\n\n\n\n<p>\u201cQuiero hacerles un llamado a ustedes como estudiantes, como transformadores, como ejes del cambio social: que apoyen esta transformaci\u00f3n que inici\u00f3 en 2018 y que a seis a\u00f1os de distancia le falta mucho por hacer\u201d, refiri\u00f3 ante j\u00f3venes que estudian la Licenciatura en M\u00e9dico Cirujano.&nbsp;<\/p>\n\n\n\n<p>Con integrantes de la planilla y directivos de la instituci\u00f3n, Mart\u00ednez Neri convoc\u00f3 a la comunidad estudiantil a involucrarse en la vida pol\u00edtica del pa\u00eds y apoyar la construcci\u00f3n del segundo piso de la Cuarta Transformaci\u00f3n, proyecto encabezado por la pr\u00f3xima presidenta de M\u00e9xico, Claudia Sheinbaum Pardo.&nbsp;<\/p>\n\n\n\n<p>\u201cDespu\u00e9s de esto, buscar construir el tercero, cuarto y m\u00e1s pisos hasta que tengamos un gran edificio que sea nuestra patria, una met\u00e1fora hermosa, en donde podamos ver que algo nuevo florece, de que somos part\u00edcipes en los beneficios, en la paz, en la seguridad y desde luego en la transformaci\u00f3n personal\u201d, agreg\u00f3.&nbsp;<\/p>\n\n\n\n<p>Durante el desarrollo del encuentro, el candidato de Morena recogi\u00f3 dudas, inquietudes y propuestas sobre c\u00f3mo dar atenci\u00f3n a los retos que enfrenta la ciudadan\u00eda en materia de salud, movilidad, servicios municipales, estrategias de captaci\u00f3n de agua y el manejo responsable de los residuos s\u00f3lidos que se producen en la ciudad.&nbsp;<\/p>\n\n\n\n<p>\u201cLes pido que el pr\u00f3ximo 2 de junio salgan a votar y lo hagan por Morena, que representa la posibilidad de la transformaci\u00f3n; desde luego con el respeto hacia las ideolog\u00edas; pero me parece que el d\u00eda de hoy es un imperativo, es patri\u00f3tico, el que votemos por Morena\u201d, concluy\u00f3 Francisco Mart\u00ednez Neri ante personal docente y administrativo.&nbsp;<\/p>\n\n\n\n<p>En su oportunidad, el director del Instituto Mexicano de Ciencias M\u00e9dicas (IMEDI) Campus Oaxaca, Eddy Alberto Torres Carballido mostr\u00f3 su reconocimiento a la planilla de Morena por mantener una campa\u00f1a cercana a las nuevas generaciones, adem\u00e1s de reiterar el agradecimiento por la apertura al di\u00e1logo e intercambio de ideas.<\/p>\n","protected":false},"excerpt":{"rendered":"<p>Redacci\u00f3n\/Zona Roja. Oaxaca de Ju\u00e1rez, Oax., a 9 de mayo de 2024.- J\u00f3venes universitarios de&hellip;<\/p>\n","protected":false},"author":2,"featured_media":68194,"comment_status":"closed","ping_status":"open","sticky":false,"template":"","format":"standard","meta":{"_lmt_disableupdate":"","_lmt_disable":"","_jetpack_memberships_contains_paid_content":false,"footnotes":""},"categories":[109,46],"tags":[2418],"class_list":["post-68193","post","type-post","status-publish","format-standard","has-post-thumbnail","hentry","category-minuto-a-minuto","category-zona-blanca","tag-francisco-martinez-neri"],"jetpack_featured_media_url":"https:\/\/zonaroja.com.mx\/wp-content\/uploads\/2024\/05\/Francisco-Martinez-neri-con-universitarios.jpeg","jetpack_sharing_enabled":true,"_links":{"self":[{"href":"https:\/\/zonaroja.com.mx\/index.php?rest_route=\/wp\/v2\/posts\/68193","targetHints":{"allow":["GET"]}}],"collection":[{"href":"https:\/\/zonaroja.com.mx\/index.php?rest_route=\/wp\/v2\/posts"}],"about":[{"href":"https:\/\/zonaroja.com.mx\/index.php?rest_route=\/wp\/v2\/types\/post"}],"author":[{"embeddable":true,"href":"https:\/\/zonaroja.com.mx\/index.php?rest_route=\/wp\/v2\/users\/2"}],"replies":[{"embeddable":true,"href":"https:\/\/zonaroja.com.mx\/index.php?rest_route=%2Fwp%2Fv2%2Fcomments&post=68193"}],"version-history":[{"count":1,"href":"https:\/\/zonaroja.com.mx\/index.php?rest_route=\/wp\/v2\/posts\/68193\/revisions"}],"predecessor-version":[{"id":68195,"href":"https:\/\/zonaroja.com.mx\/index.php?rest_route=\/wp\/v2\/posts\/68193\/revisions\/68195"}],"wp:featuredmedia":[{"embeddable":true,"href":"https:\/\/zonaroja.com.mx\/index.php?rest_route=\/wp\/v2\/media\/68194"}],"wp:attachment":[{"href":"https:\/\/zonaroja.com.mx\/index.php?rest_route=%2Fwp%2Fv2%2Fmedia&parent=68193"}],"wp:term":[{"taxonomy":"category","embeddable":true,"href":"https:\/\/zonaroja.com.mx\/index.php?rest_route=%2Fwp%2Fv2%2Fcategories&post=68193"},{"taxonomy":"post_tag","embeddable":true,"href":"https:\/\/zonaroja.com.mx\/index.php?rest_route=%2Fwp%2Fv2%2Ftags&post=68193"}],"curies":[{"name":"wp","href":"https:\/\/api.w.org\/{rel}","templated":true}]}}