{"id":68205,"date":"2024-05-10T08:20:00","date_gmt":"2024-05-10T14:20:00","guid":{"rendered":"https:\/\/zonaroja.com.mx\/?p=68205"},"modified":"2024-05-10T06:46:06","modified_gmt":"2024-05-10T12:46:06","slug":"fracasa-enesima-reunion-de-la-cnte-con-lopez-obrador-paro-sigue-en-pie","status":"publish","type":"post","link":"https:\/\/zonaroja.com.mx\/?p=68205","title":{"rendered":"Fracasa en\u00e9sima reuni\u00f3n de la CNTE con L\u00f3pez Obrador; paro sigue en pie\u00a0"},"content":{"rendered":"\n<p>Redacci\u00f3n\/Zona Roja.<\/p>\n\n\n\n<p>Oaxaca de Ju\u00e1rez, Oax., a 10 de mayo de 2024.- El magisterio disidente fue enf\u00e1tico: ser\u00e1 el presidente Andr\u00e9s Manuel L\u00f3pez Obrador quien defina si los ni\u00f1os del pa\u00eds se quedan o no sin clases.&nbsp;<\/p>\n\n\n\n<p>Tras m\u00e1s de tres horas de reuni\u00f3n ayer en Palacio Nacional con representantes de la Coordinadora Nacional de Trabajadores de la Educaci\u00f3n (CNTE), los docentes mantuvieron el llamado al paro nacional a partir del pr\u00f3ximo 15 de mayo.<\/p>\n\n\n\n<p>\u201cDepende de \u00e9l que puede definir y puede decir que los ni\u00f1os de las escuelas de todo el pa\u00eds no se queden sin clase. Si \u00e9l resuelve, nosotros no tendremos por qu\u00e9 estar saliendo a las calles a exigir\u201d, afirm\u00f3 en entrevista la secretaria general de la secci\u00f3n 18, en Michoac\u00e1n, Eva Hinojosa Tera.&nbsp;<\/p>\n\n\n\n<p>Coment\u00f3 que pese a las negociaciones con el gobierno federal, a\u00fan est\u00e1n pendientes la derogaci\u00f3n de las reformas educativas y la ley del Issste, as\u00ed como la reinstalaci\u00f3n de docentes.<\/p>\n\n\n\n<p>\u201cEl paro estalla el 15 de mayo y obviamente que si \u00e9l resuelve en ese momento, el 16 que recibe el pliego petitorio que ya lo conoce, y efectivamente \u00e9l puede detener el paro, se soluciona, se soluciona la reforma educativa de 2019, se soluciona la Ley del Issste de 2019, dej\u00f3 alguna iniciativa y un compromiso\u201d, coment\u00f3 la lideresa sindical.&nbsp;<\/p>\n\n\n\n<p>Adem\u00e1s del inicio del paro, la CNTE realizar\u00e1 el 15 de Mayo, D\u00eda del Maestro, una marcha y un plant\u00f3n indefinido en el Z\u00f3calo capitalino.<\/p>\n\n\n\n<p>Por su parte, Pedro Hern\u00e1ndez, dirigente de la secci\u00f3n 9 de la CNTE, dijo que la pr\u00f3xima reuni\u00f3n con el presidente ser\u00e1 el 16 de mayo.<\/p>\n\n\n\n<p>\u201cEl 16 de mayo por la ma\u00f1ana va a recibirnos, va a recibir el pliego petitorio, va a definir el esquema de atenci\u00f3n a las demandas que desde el 1 de mayo ya lo entregamos aqu\u00ed formalmente, pero se comprometi\u00f3 a que ese d\u00eda nos recibe para que le entregamos el pliego petitorio en mano\u201d.&nbsp;<\/p>\n\n\n\n<p>Agreg\u00f3 que en segundo lugar, el mandatario \u201cplantea que respeta la movilizaci\u00f3n de los maestros, de la coordinadora, que no habr\u00e1 represi\u00f3n como lo que apenas estamos componiendo, porque hoy trajimos casos de maestros asesinados durante las protestas del 2013-2016 contra la reforma anterior, situaciones de cesados, que est\u00e1 un proceso de reinstalaci\u00f3n\u201d.&nbsp;<\/p>\n\n\n\n<p>El l\u00edder de la secci\u00f3n 9 en la Ciudad de M\u00e9xico convoc\u00f3 a sumarse a la marcha del 15 de mayo que partita a las 9 de la ma\u00f1ana de la Normal Superior, en el Metro San Cosme, hacia el Z\u00f3calo.<br>(Informaci\u00f3n de \u201cLa Jornada\u201d)<\/p>\n","protected":false},"excerpt":{"rendered":"<p>Redacci\u00f3n\/Zona Roja. Oaxaca de Ju\u00e1rez, Oax., a 10 de mayo de 2024.- El magisterio disidente&hellip;<\/p>\n","protected":false},"author":2,"featured_media":68207,"comment_status":"closed","ping_status":"open","sticky":false,"template":"","format":"standard","meta":{"_lmt_disableupdate":"","_lmt_disable":"","_jetpack_memberships_contains_paid_content":false,"footnotes":""},"categories":[109,47],"tags":[1283],"class_list":["post-68205","post","type-post","status-publish","format-standard","has-post-thumbnail","hentry","category-minuto-a-minuto","category-zona-gris","tag-coordinadora-nacional-de-trabajadores-de-la-educacion-cnte"],"jetpack_featured_media_url":"https:\/\/zonaroja.com.mx\/wp-content\/uploads\/2024\/05\/CNTE-Coordinadora-Nacional-Educacion.jpg","jetpack_sharing_enabled":true,"_links":{"self":[{"href":"https:\/\/zonaroja.com.mx\/index.php?rest_route=\/wp\/v2\/posts\/68205","targetHints":{"allow":["GET"]}}],"collection":[{"href":"https:\/\/zonaroja.com.mx\/index.php?rest_route=\/wp\/v2\/posts"}],"about":[{"href":"https:\/\/zonaroja.com.mx\/index.php?rest_route=\/wp\/v2\/types\/post"}],"author":[{"embeddable":true,"href":"https:\/\/zonaroja.com.mx\/index.php?rest_route=\/wp\/v2\/users\/2"}],"replies":[{"embeddable":true,"href":"https:\/\/zonaroja.com.mx\/index.php?rest_route=%2Fwp%2Fv2%2Fcomments&post=68205"}],"version-history":[{"count":1,"href":"https:\/\/zonaroja.com.mx\/index.php?rest_route=\/wp\/v2\/posts\/68205\/revisions"}],"predecessor-version":[{"id":68208,"href":"https:\/\/zonaroja.com.mx\/index.php?rest_route=\/wp\/v2\/posts\/68205\/revisions\/68208"}],"wp:featuredmedia":[{"embeddable":true,"href":"https:\/\/zonaroja.com.mx\/index.php?rest_route=\/wp\/v2\/media\/68207"}],"wp:attachment":[{"href":"https:\/\/zonaroja.com.mx\/index.php?rest_route=%2Fwp%2Fv2%2Fmedia&parent=68205"}],"wp:term":[{"taxonomy":"category","embeddable":true,"href":"https:\/\/zonaroja.com.mx\/index.php?rest_route=%2Fwp%2Fv2%2Fcategories&post=68205"},{"taxonomy":"post_tag","embeddable":true,"href":"https:\/\/zonaroja.com.mx\/index.php?rest_route=%2Fwp%2Fv2%2Ftags&post=68205"}],"curies":[{"name":"wp","href":"https:\/\/api.w.org\/{rel}","templated":true}]}}