{"id":68209,"date":"2024-05-10T07:24:34","date_gmt":"2024-05-10T13:24:34","guid":{"rendered":"https:\/\/zonaroja.com.mx\/?p=68209"},"modified":"2024-05-10T07:24:37","modified_gmt":"2024-05-10T13:24:37","slug":"registra-oaxaca-otro-bloqueo-carretero-por-incendios-forestales","status":"publish","type":"post","link":"https:\/\/zonaroja.com.mx\/?p=68209","title":{"rendered":"Registra Oaxaca otro bloqueo carretero, por incendios forestales"},"content":{"rendered":"\n<p>Raymundo Morales\/Zona Roja.<\/p>\n\n\n\n<p>Oaxaca de Ju\u00e1rez, Oax., a 10 de octubre de 2024.- Por tercer d\u00eda consecutivo, Oaxaca registra bloqueos carreteros para exigir una mayor atenci\u00f3n al combate de incendios forestales.<\/p>\n\n\n\n<p>Pobladores de los municipios Villa de Mitla y de la Villa de D\u00edaz Ordaz mantienen hasta esta ma\u00f1ana el cierre de la carretera Oaxaca-Istmo, a la altura del crucero a la localidad de Uni\u00f3n Zapata.<\/p>\n\n\n\n<p>Lo anterior con la finalidad de presionar a las autoridades federales y estatales que incrementen el n\u00famero de combatientes y proporcionen un helic\u00f3ptero para extinguir la conflagraci\u00f3n que inici\u00f3 en sus monta\u00f1as desde el pasado lunes.<\/p>\n\n\n\n<p>Seg\u00fan los pobladores, la lumbre ya se sali\u00f3 de control y es imposible para los comuneros seguir con las labores de combate.<\/p>\n\n\n\n<p>\u201cLos brigadistas que llegan son tres, cuatro, el primer d\u00eda que nos dieron instrucciones pero fueron en vano, trabajamos mucho y no sirvi\u00f3\u201d, declararon anoche a trav\u00e9s de un video que compartieron en redes sociales.<\/p>\n\n\n\n<p>Hay una brigada pero del lado de la Villa de D\u00edaz Ordaz, no en la zona de Mitla, seg\u00fan dijeron, al solicitar una mayor presencia de habitantes para reforzar los bloqueos.<\/p>\n\n\n\n<p>Parte de la zona que est\u00e1 consumiendo el fuego es el \u00e1rea natural protegida por la Unesco, seg\u00fan dijeron.<\/p>\n\n\n\n<p>INTERESES POL\u00cdTICOS<\/p>\n\n\n\n<p>No obstante, otro grupo de personas acus\u00f3 que el edil de Mitla, el panista Luis Armando Olivera, utiliza a la gente para intentar desestabilizar al gobierno y con fines pol\u00edticos.<\/p>\n\n\n\n<p>Asimismo, est\u00e1n involucrados mototaxistas y taxistas, dos de ellos identificados como Jacobo Hern\u00e1ndez Olivera y Diego Ju\u00e1rez P\u00e9rez, presuntamente azuzados por Yhave Luis Villaseca, quienes de manera ilegal utilizan unidades de motor congestionadas para realizar los bloqueos.<\/p>\n\n\n\n<p>A su vez, el secretario General de Gobierno, Jes\u00fas Romero L\u00f3pez, difundi\u00f3 a trav\u00e9s de sus redes sociales:<\/p>\n\n\n\n<p>\u201cLos incendios activos en el estado se atienden con la participaci\u00f3n de comuneros y elementos de&nbsp; @GN_MEXICO_ @SEDENAmx @COESFO_GobOax @CONAFOR @CDPAZ_GobOax y @CONANP_mx. Ning\u00fan mecanismo de presi\u00f3n como los bloqueos carreteros resolver\u00e1n la problem\u00e1tica que nos aqueja en esta dif\u00edcil sequ\u00eda que atraviesa el pa\u00eds y el territorio oaxaque\u00f1o. En este momento&nbsp; la mezquindad y los intereses pol\u00edticos no caben, son momentos&nbsp; de solidaridad y trabajo\u201d.<\/p>\n\n\n\n<p>Apenas el pasado mi\u00e9rcoles por la tarde, un grupo de pobladores de San Francisco Telixtlahuaca \u201ctom\u00f3\u201d la caseta de peaje Huitzo de la supercarretera Oaxaca-Cuacnopalan y posteriormente la v\u00eda federal 190.<\/p>\n\n\n\n<p>Ayer alrededor de las 06:00 horas permitieron por fin el paso de unidades de motor pero dos horas despu\u00e9s volvieron a bloquear ambas vialidades; despu\u00e9s del mediod\u00eda retiraron los bloqueos.<\/p>\n","protected":false},"excerpt":{"rendered":"<p>Raymundo Morales\/Zona Roja. Oaxaca de Ju\u00e1rez, Oax., a 10 de octubre de 2024.- Por tercer&hellip;<\/p>\n","protected":false},"author":2,"featured_media":68212,"comment_status":"closed","ping_status":"open","sticky":false,"template":"","format":"standard","meta":{"_lmt_disableupdate":"","_lmt_disable":"","_jetpack_memberships_contains_paid_content":false,"footnotes":""},"categories":[109,47],"tags":[1256,1127],"class_list":["post-68209","post","type-post","status-publish","format-standard","has-post-thumbnail","hentry","category-minuto-a-minuto","category-zona-gris","tag-incendios-forestales-oaxaca","tag-san-pablo-villa-de-mitla"],"jetpack_featured_media_url":"https:\/\/zonaroja.com.mx\/wp-content\/uploads\/2024\/05\/Bloqueos-Mitla-y-Diaz-Ordaz-incendios.jpg","jetpack_sharing_enabled":true,"_links":{"self":[{"href":"https:\/\/zonaroja.com.mx\/index.php?rest_route=\/wp\/v2\/posts\/68209","targetHints":{"allow":["GET"]}}],"collection":[{"href":"https:\/\/zonaroja.com.mx\/index.php?rest_route=\/wp\/v2\/posts"}],"about":[{"href":"https:\/\/zonaroja.com.mx\/index.php?rest_route=\/wp\/v2\/types\/post"}],"author":[{"embeddable":true,"href":"https:\/\/zonaroja.com.mx\/index.php?rest_route=\/wp\/v2\/users\/2"}],"replies":[{"embeddable":true,"href":"https:\/\/zonaroja.com.mx\/index.php?rest_route=%2Fwp%2Fv2%2Fcomments&post=68209"}],"version-history":[{"count":1,"href":"https:\/\/zonaroja.com.mx\/index.php?rest_route=\/wp\/v2\/posts\/68209\/revisions"}],"predecessor-version":[{"id":68213,"href":"https:\/\/zonaroja.com.mx\/index.php?rest_route=\/wp\/v2\/posts\/68209\/revisions\/68213"}],"wp:featuredmedia":[{"embeddable":true,"href":"https:\/\/zonaroja.com.mx\/index.php?rest_route=\/wp\/v2\/media\/68212"}],"wp:attachment":[{"href":"https:\/\/zonaroja.com.mx\/index.php?rest_route=%2Fwp%2Fv2%2Fmedia&parent=68209"}],"wp:term":[{"taxonomy":"category","embeddable":true,"href":"https:\/\/zonaroja.com.mx\/index.php?rest_route=%2Fwp%2Fv2%2Fcategories&post=68209"},{"taxonomy":"post_tag","embeddable":true,"href":"https:\/\/zonaroja.com.mx\/index.php?rest_route=%2Fwp%2Fv2%2Ftags&post=68209"}],"curies":[{"name":"wp","href":"https:\/\/api.w.org\/{rel}","templated":true}]}}