{"id":68216,"date":"2024-05-10T09:54:00","date_gmt":"2024-05-10T15:54:00","guid":{"rendered":"https:\/\/zonaroja.com.mx\/?p=68216"},"modified":"2024-05-10T07:56:55","modified_gmt":"2024-05-10T13:56:55","slug":"ordena-poder-judicial-a-la-sep-implementar-la-prueba-pisa-2025","status":"publish","type":"post","link":"https:\/\/zonaroja.com.mx\/?p=68216","title":{"rendered":"Ordena Poder Judicial a la SEP implementar la prueba PISA 2025"},"content":{"rendered":"\n<p>Redacci\u00f3n\/Zona Roja Cdmx.<\/p>\n\n\n\n<p>Ciudad de M\u00e9xico, a 10 de mayo de 2024.- El Poder Judicial de la Federaci\u00f3n orden\u00f3 a la Secretar\u00eda de Educaci\u00f3n P\u00fablica (SEP) llevar a cabo todos los tr\u00e1mites y gestiones a fin de garantizar que se realice la Prueba PISA en M\u00e9xico 2025.<\/p>\n\n\n\n<p>Luego de un amparo presentado por Educaci\u00f3n con Rumbo, la autoridad judicial mandat\u00f3 a la dependencia \u201cgarantizar el derecho humano de los ni\u00f1os a la educaci\u00f3n, y salvaguardar el inter\u00e9s superior de los menores en M\u00e9xico\u201d.<\/p>\n\n\n\n<p>Es necesario que las autoridades educativas lleven a cabo los tr\u00e1mites necesarios para asegurar que la Organizaci\u00f3n para la Cooperaci\u00f3n y el Desarrollo Econ\u00f3mico (OCDE) implemente la Prueba PISA, especialmente despu\u00e9s de que el presidente Andr\u00e9s Manuel L\u00f3pez Obrador afirm\u00f3 que s\u00ed se llevar\u00e1 a cabo.<\/p>\n\n\n\n<p>Miguel \u00c1ngel Ortiz, Abogado Constitucionalista, dijo que la resoluci\u00f3n obtenida es un precedente relevante en materia de defensa de los derechos humanos de los ni\u00f1os, para contar con un diagn\u00f3stico objetivo que permita medir, evaluar, garantizar la mejora continua de la educaci\u00f3n en lectura, matem\u00e1ticas y ciencias.<\/p>\n\n\n\n<p>A\u00f1adi\u00f3 que \u201cla prueba PISA permite evaluar el grado de eficiencia de las pol\u00edticas p\u00fablicas implementadas en M\u00e9xico en los \u00faltimos a\u00f1os, en t\u00e9rminos de la Constituci\u00f3n y los tratados internacionales suscritos por M\u00e9xico\u201d.<\/p>\n\n\n\n<p>Explic\u00f3 que M\u00e9xico ha sido evaluado por la OCDE desde el 2000, por lo cual \u201cen t\u00e9rminos del art\u00edculo 28 de la Convenci\u00f3n sobre los Derechos del Ni\u00f1o, las autoridades educativas en M\u00e9xico est\u00e1n obligadas a cooperar con los organismos internacionales en materia de educaci\u00f3n\u201d.<\/p>\n\n\n\n<p>Ello, dijo, para \u201ccombatir la ignorancia y acceder a conocimientos t\u00e9cnicos y m\u00e9todos modernos de ense\u00f1anza, por lo cual la prueba PISA no es opcional sino una obligaci\u00f3n en materia de transparencia y rendici\u00f3n de cuentas que debe ser cumplida por las autoridades\u201d.<\/p>\n\n\n\n<p>Por su parte Paulina Amozurrutia, Coordinadora Nacional de Educaci\u00f3n con Rumbo, dijo que la Prueba PISA es indispensable para medir el rezago en materia de educaci\u00f3n m\u00e1s all\u00e1 de ideolog\u00edas y decisiones pol\u00edticas.<\/p>\n\n\n\n<p>Se\u00f1al\u00f3 que el objetivo de la evaluaci\u00f3n es medir la capacidad de los ni\u00f1os para utilizar sus conocimientos y habilidades de lectura, matem\u00e1ticas y ciencias para afrontar los retos de la vida real y medir los impactos del modelo educativo vigente, as\u00ed como de los efectos de la pandemia en la educaci\u00f3n en M\u00e9xico.<\/p>\n\n\n\n<p>Amozurrutia opin\u00f3 que \u201cla prueba PISA resulta fundamental para poder contar con un diagn\u00f3stico real de la educaci\u00f3n en M\u00e9xico que permita llevar a la agenda nacional el Programa Sectorial de la Educaci\u00f3n 2024-2030\u201d.<\/p>\n\n\n\n<p>Para ello es fundamental contar con el consenso y participaci\u00f3n corresponsable de autoridades, candidatos a la Presidencia, Sociedad Civil y Organismos Internacionales, \u201cdonde se coloque a los ni\u00f1os al centro de las decisiones para garantizar el inter\u00e9s superior de los menores durante el siguiente sexenio\u201d.<\/p>\n\n\n\n<p>(Informaci\u00f3n de \u201cLa Cr\u00f3nica de Hoy\u201d)<\/p>\n","protected":false},"excerpt":{"rendered":"<p>Redacci\u00f3n\/Zona Roja Cdmx. Ciudad de M\u00e9xico, a 10 de mayo de 2024.- El Poder Judicial&hellip;<\/p>\n","protected":false},"author":2,"featured_media":68217,"comment_status":"closed","ping_status":"open","sticky":false,"template":"","format":"standard","meta":{"_lmt_disableupdate":"","_lmt_disable":"","_jetpack_memberships_contains_paid_content":false,"footnotes":""},"categories":[109,47],"tags":[],"class_list":["post-68216","post","type-post","status-publish","format-standard","has-post-thumbnail","hentry","category-minuto-a-minuto","category-zona-gris"],"jetpack_featured_media_url":"https:\/\/zonaroja.com.mx\/wp-content\/uploads\/2024\/05\/Prueba-PISA.webp","jetpack_sharing_enabled":true,"_links":{"self":[{"href":"https:\/\/zonaroja.com.mx\/index.php?rest_route=\/wp\/v2\/posts\/68216","targetHints":{"allow":["GET"]}}],"collection":[{"href":"https:\/\/zonaroja.com.mx\/index.php?rest_route=\/wp\/v2\/posts"}],"about":[{"href":"https:\/\/zonaroja.com.mx\/index.php?rest_route=\/wp\/v2\/types\/post"}],"author":[{"embeddable":true,"href":"https:\/\/zonaroja.com.mx\/index.php?rest_route=\/wp\/v2\/users\/2"}],"replies":[{"embeddable":true,"href":"https:\/\/zonaroja.com.mx\/index.php?rest_route=%2Fwp%2Fv2%2Fcomments&post=68216"}],"version-history":[{"count":1,"href":"https:\/\/zonaroja.com.mx\/index.php?rest_route=\/wp\/v2\/posts\/68216\/revisions"}],"predecessor-version":[{"id":68218,"href":"https:\/\/zonaroja.com.mx\/index.php?rest_route=\/wp\/v2\/posts\/68216\/revisions\/68218"}],"wp:featuredmedia":[{"embeddable":true,"href":"https:\/\/zonaroja.com.mx\/index.php?rest_route=\/wp\/v2\/media\/68217"}],"wp:attachment":[{"href":"https:\/\/zonaroja.com.mx\/index.php?rest_route=%2Fwp%2Fv2%2Fmedia&parent=68216"}],"wp:term":[{"taxonomy":"category","embeddable":true,"href":"https:\/\/zonaroja.com.mx\/index.php?rest_route=%2Fwp%2Fv2%2Fcategories&post=68216"},{"taxonomy":"post_tag","embeddable":true,"href":"https:\/\/zonaroja.com.mx\/index.php?rest_route=%2Fwp%2Fv2%2Ftags&post=68216"}],"curies":[{"name":"wp","href":"https:\/\/api.w.org\/{rel}","templated":true}]}}