{"id":68219,"date":"2024-05-10T12:05:00","date_gmt":"2024-05-10T18:05:00","guid":{"rendered":"https:\/\/zonaroja.com.mx\/?p=68219"},"modified":"2024-05-10T08:12:04","modified_gmt":"2024-05-10T14:12:04","slug":"siguen-golpes-de-la-fiscalia-de-oaxaca-con-cateos-y-detenciones","status":"publish","type":"post","link":"https:\/\/zonaroja.com.mx\/?p=68219","title":{"rendered":"Siguen golpes de la Fiscal\u00eda de Oaxaca, con cateos y detenciones\u00a0"},"content":{"rendered":"\n<p>Redacci\u00f3n\/Zona Roja.<\/p>\n\n\n\n<p>Oaxaca de Ju\u00e1rez, Oax., 10 de mayo de 2024.- Como parte de las labores de investigaci\u00f3n ministerial para el combate de los delitos de alto impacto, la Fiscal\u00eda General del Estado de Oaxaca (FGEO) ejecut\u00f3 una orden de cateo en el municipio de Miahuatl\u00e1n de Porfirio D\u00edaz, luego de recibir la denuncia por la comisi\u00f3n del delito de Robo Espec\u00edfico.<\/p>\n\n\n\n<p>De acuerdo con las declaraciones realizadas por la v\u00edctima, el 30 de abril de 2024, observ\u00f3 que, al interior de un domicilio particular, ubicado en el Barrio San Pedro, en el municipio de San Sim\u00f3n Almolongas, se encontraban personas armadas, as\u00ed como autopartes desmanteladas y diversos veh\u00edculos, entre ellos, uno con caracter\u00edsticas similares a su veh\u00edculo, el cual le hab\u00eda sido robado, por lo que realiz\u00f3 la llamada al n\u00famero de emergencia.<\/p>\n\n\n\n<p>Luego de las investigaciones correspondientes, el 2 de mayo de 2024, la FGEO encabez\u00f3 un operativo coordinado en el que participaron elementos de la Polic\u00eda Estatal del Estado, dando cumplimiento a una orden de cateo en el domicilio ubicado en el Barrio San Pedro, San Sim\u00f3n Almolongas, acci\u00f3n que deriva de una carpeta de investigaci\u00f3n iniciada por el delito de robo espec\u00edfico.<\/p>\n\n\n\n<p>En dicho inmueble se encontraron tres veh\u00edculos que fueron sometidos a inspecciones, que permitieron establecer que uno de ellos pertenec\u00eda a la v\u00edctima, el cual contaba con reporte de robo, y los dem\u00e1s presentaban alteraciones en los numerales, por lo que quedaron asegurados como parte de las labores ministeriales y puestos a disposici\u00f3n de la autoridad correspondiente.<\/p>\n\n\n\n<p>EN LA CAPITAL<\/p>\n\n\n\n<p>En otro hecho, la Fiscal\u00eda General, en colaboraci\u00f3n con la Guardia Nacional,&nbsp; dio cumplimiento de una orden de cateo a trav\u00e9s de la cual se logr\u00f3 la detenci\u00f3n de una persona del sexo masculino identificada por las iniciales A.R.M.R., adem\u00e1s del aseguramiento de al menos 32 aparatos de telefon\u00eda celular, entre otros aparatos electr\u00f3nicos de los cuales no se acredit\u00f3 su propiedad legal, movilizaci\u00f3n realizada en la zona norte de la ciudad de Oaxaca de Ju\u00e1rez.&nbsp;<\/p>\n\n\n\n<p>Para dar cumplimiento al mandato judicial por los delitos contra la salud y detentaci\u00f3n de objeto robado, un equipo de elementos de la Agencia Estatal de Investigaciones (AEI) en coordinaci\u00f3n con la Guardia Nacional ingresaron a un domicilio localizado en el Callej\u00f3n Libertad, de la colonia Arboleda, en inmediaciones de la Central de Abasto.<\/p>\n\n\n\n<p>En el sitio, se logr\u00f3 la detenci\u00f3n de A.R.M.R., as\u00ed como el aseguramiento de al menos 32 tel\u00e9fonos celulares, tablets como otros aparatos electr\u00f3nicos de los cuales no pudieron acreditar su propiedad legal, por lo que quedaron como parte de la investigaci\u00f3n en curso.<\/p>\n\n\n\n<p>Estas acciones ministeriales derivan de las investigaciones encabezadas por la Vicefiscal\u00eda de Valles Centrales que han permitido establecer, a trav\u00e9s de mapas de calor, las zonas de la capital del estado donde se registra una mayor incidencia de delitos como robo, por lo que se realizan operativos para reforzar la estrategia de seguridad en estos sitios.<\/p>\n\n\n\n<p>DOS DETENIDOS<\/p>\n\n\n\n<p>Aunado a ello y como parte de las acciones continuas de combate y prevenci\u00f3n de delitos, la Fiscal\u00eda General detuvo a dos personas del sexo masculino identificadas como E.C.J. y Y.C.J., por el delito contra la salud, hechos ocurridos en la regi\u00f3n del Istmo de Tehuantepec.<\/p>\n\n\n\n<p>La detenci\u00f3n se realiz\u00f3 en la Cuarta Secci\u00f3n, en el municipio de San Francisco del Mar, cuando elementos de la Agencia Estatal de Investigaciones (AEI), al implementar recorridos como parte de la estrategia para la prevenci\u00f3n y disuasi\u00f3n de los delitos en la zona, se percataron de la presencia de dos personas, por lo que solicitaron autorizaci\u00f3n para realizar una revisi\u00f3n conforme a derecho, a la cual accedieron.<\/p>\n\n\n\n<p>Al efectuar la revisi\u00f3n a E.C.J. y Y.C.J., se les detectaron diferentes dosis de drogas conocidas como cristal y mariguana, as\u00ed como pipetas.<\/p>\n\n\n\n<p>Por estos hechos, las dos personas fueron detenidas y presentadas ante el Ministerio P\u00fablico adscrito a la Fiscal\u00eda de Santo Domingo Zanatepec, para que se resuelva su situaci\u00f3n jur\u00eddica.<\/p>\n\n\n\n<p>La Fiscal\u00eda General del Estado de Oaxaca realiza este tipo de acciones con el objetivo de combatir los delitos contra la salud que atenten contra la ciudadan\u00eda.<\/p>\n","protected":false},"excerpt":{"rendered":"<p>Redacci\u00f3n\/Zona Roja. Oaxaca de Ju\u00e1rez, Oax., 10 de mayo de 2024.- Como parte de las&hellip;<\/p>\n","protected":false},"author":2,"featured_media":68220,"comment_status":"closed","ping_status":"open","sticky":false,"template":"","format":"standard","meta":{"_lmt_disableupdate":"","_lmt_disable":"","_jetpack_memberships_contains_paid_content":false,"footnotes":""},"categories":[109,46],"tags":[494],"class_list":["post-68219","post","type-post","status-publish","format-standard","has-post-thumbnail","hentry","category-minuto-a-minuto","category-zona-blanca","tag-fiscalia-general-del-estado-de-oaxaca"],"jetpack_featured_media_url":"https:\/\/zonaroja.com.mx\/wp-content\/uploads\/2024\/05\/Cateos-y-detenciones-Fiscalia-Oaxaca.jpg","jetpack_sharing_enabled":true,"_links":{"self":[{"href":"https:\/\/zonaroja.com.mx\/index.php?rest_route=\/wp\/v2\/posts\/68219","targetHints":{"allow":["GET"]}}],"collection":[{"href":"https:\/\/zonaroja.com.mx\/index.php?rest_route=\/wp\/v2\/posts"}],"about":[{"href":"https:\/\/zonaroja.com.mx\/index.php?rest_route=\/wp\/v2\/types\/post"}],"author":[{"embeddable":true,"href":"https:\/\/zonaroja.com.mx\/index.php?rest_route=\/wp\/v2\/users\/2"}],"replies":[{"embeddable":true,"href":"https:\/\/zonaroja.com.mx\/index.php?rest_route=%2Fwp%2Fv2%2Fcomments&post=68219"}],"version-history":[{"count":1,"href":"https:\/\/zonaroja.com.mx\/index.php?rest_route=\/wp\/v2\/posts\/68219\/revisions"}],"predecessor-version":[{"id":68221,"href":"https:\/\/zonaroja.com.mx\/index.php?rest_route=\/wp\/v2\/posts\/68219\/revisions\/68221"}],"wp:featuredmedia":[{"embeddable":true,"href":"https:\/\/zonaroja.com.mx\/index.php?rest_route=\/wp\/v2\/media\/68220"}],"wp:attachment":[{"href":"https:\/\/zonaroja.com.mx\/index.php?rest_route=%2Fwp%2Fv2%2Fmedia&parent=68219"}],"wp:term":[{"taxonomy":"category","embeddable":true,"href":"https:\/\/zonaroja.com.mx\/index.php?rest_route=%2Fwp%2Fv2%2Fcategories&post=68219"},{"taxonomy":"post_tag","embeddable":true,"href":"https:\/\/zonaroja.com.mx\/index.php?rest_route=%2Fwp%2Fv2%2Ftags&post=68219"}],"curies":[{"name":"wp","href":"https:\/\/api.w.org\/{rel}","templated":true}]}}