{"id":68224,"date":"2024-05-10T09:25:00","date_gmt":"2024-05-10T15:25:00","guid":{"rendered":"https:\/\/zonaroja.com.mx\/?p=68224"},"modified":"2024-05-10T08:35:52","modified_gmt":"2024-05-10T14:35:52","slug":"tribunal-emplaza-al-ieepco-a-pronunciarse-sobre-planilla-en-tuxtepec","status":"publish","type":"post","link":"https:\/\/zonaroja.com.mx\/?p=68224","title":{"rendered":"Tribunal emplaza al IEEPCO a pronunciarse sobre planilla en Tuxtepec"},"content":{"rendered":"\n<p>Redacci\u00f3n\/Zona Roja.&nbsp;<\/p>\n\n\n\n<p>Oaxaca de Ju\u00e1rez, Oax., a 10 de mayo de 2024.- En sesi\u00f3n p\u00fablica de anoche, el Pleno del Tribunal Electoral del Estado de Oaxaca (TEEO) otorg\u00f3 un plazo de 24 horas al Instituto Estatal Electoral y de Participaci\u00f3n Ciudadana de Oaxaca (IEEPCO) para que se pronuncie, nuevamente, sobre la solicitud de registro de la planilla postulada por Morena para la renovaci\u00f3n del ayuntamiento de San Juan Bautista Tuxtepec.<\/p>\n\n\n\n<p>En la resoluci\u00f3n del juicio ciudadano con clave JDC\/167\/2024, aprobada por unanimidad, determin\u00f3 que el Consejo General del IEEPCO no realiz\u00f3 un estudio exhaustivo de la documentaci\u00f3n presentada por el partido para el registro de la planilla.<\/p>\n\n\n\n<p>El Tribunal se\u00f1al\u00f3 que dicha autoridad no advirti\u00f3 que la solicitud de registro de la planilla y la posterior solicitud de modificaci\u00f3n fueron presentadas por funcionarios partidistas distintos, quienes no demostraron tener la facultad para realizar dichas gestiones en nombre del partido.<\/p>\n\n\n\n<p>Esta omisi\u00f3n, agreg\u00f3 la sentencia, afect\u00f3 los derechos pol\u00edtico-electorales de las ciudadanas y ciudadano, promoventes de este juicio, quienes aspiran a integrar la planilla de candidaturas postuladas por el Partido Pol\u00edtico Morena.<\/p>\n\n\n\n<p>El TEEO argument\u00f3 que el Instituto Electoral local no solo fall\u00f3 en su deber de revisar exhaustivamente la documentaci\u00f3n presentada por el partido Morena, sino que tambi\u00e9n incumpli\u00f3 con su obligaci\u00f3n de requerir al instituto pol\u00edtico para conocer quien contaba con las facultades de solicitar el registro de la planilla postulada por el instituto pol\u00edtico en el referido ayuntamiento.<\/p>\n","protected":false},"excerpt":{"rendered":"<p>Redacci\u00f3n\/Zona Roja.&nbsp; Oaxaca de Ju\u00e1rez, Oax., a 10 de mayo de 2024.- En sesi\u00f3n p\u00fablica&hellip;<\/p>\n","protected":false},"author":2,"featured_media":68225,"comment_status":"closed","ping_status":"open","sticky":false,"template":"","format":"standard","meta":{"_lmt_disableupdate":"","_lmt_disable":"","_jetpack_memberships_contains_paid_content":false,"footnotes":""},"categories":[109,46],"tags":[2235],"class_list":["post-68224","post","type-post","status-publish","format-standard","has-post-thumbnail","hentry","category-minuto-a-minuto","category-zona-blanca","tag-tribunal-electoral-del-estado-de-oaxaca-teeo"],"jetpack_featured_media_url":"https:\/\/zonaroja.com.mx\/wp-content\/uploads\/2024\/05\/Tribunal-Electoral-TEEO.jpeg","jetpack_sharing_enabled":true,"_links":{"self":[{"href":"https:\/\/zonaroja.com.mx\/index.php?rest_route=\/wp\/v2\/posts\/68224","targetHints":{"allow":["GET"]}}],"collection":[{"href":"https:\/\/zonaroja.com.mx\/index.php?rest_route=\/wp\/v2\/posts"}],"about":[{"href":"https:\/\/zonaroja.com.mx\/index.php?rest_route=\/wp\/v2\/types\/post"}],"author":[{"embeddable":true,"href":"https:\/\/zonaroja.com.mx\/index.php?rest_route=\/wp\/v2\/users\/2"}],"replies":[{"embeddable":true,"href":"https:\/\/zonaroja.com.mx\/index.php?rest_route=%2Fwp%2Fv2%2Fcomments&post=68224"}],"version-history":[{"count":1,"href":"https:\/\/zonaroja.com.mx\/index.php?rest_route=\/wp\/v2\/posts\/68224\/revisions"}],"predecessor-version":[{"id":68226,"href":"https:\/\/zonaroja.com.mx\/index.php?rest_route=\/wp\/v2\/posts\/68224\/revisions\/68226"}],"wp:featuredmedia":[{"embeddable":true,"href":"https:\/\/zonaroja.com.mx\/index.php?rest_route=\/wp\/v2\/media\/68225"}],"wp:attachment":[{"href":"https:\/\/zonaroja.com.mx\/index.php?rest_route=%2Fwp%2Fv2%2Fmedia&parent=68224"}],"wp:term":[{"taxonomy":"category","embeddable":true,"href":"https:\/\/zonaroja.com.mx\/index.php?rest_route=%2Fwp%2Fv2%2Fcategories&post=68224"},{"taxonomy":"post_tag","embeddable":true,"href":"https:\/\/zonaroja.com.mx\/index.php?rest_route=%2Fwp%2Fv2%2Ftags&post=68224"}],"curies":[{"name":"wp","href":"https:\/\/api.w.org\/{rel}","templated":true}]}}