{"id":68230,"date":"2024-05-10T18:18:47","date_gmt":"2024-05-11T00:18:47","guid":{"rendered":"https:\/\/zonaroja.com.mx\/?p=68230"},"modified":"2024-05-10T18:18:49","modified_gmt":"2024-05-11T00:18:49","slug":"ante-desidia-gubernamental-diversas-ong-crean-observatorio-del-agua-y-medio-ambiente","status":"publish","type":"post","link":"https:\/\/zonaroja.com.mx\/?p=68230","title":{"rendered":"Ante desidia gubernamental, diversas ONG crean observatorio del agua y medio ambiente"},"content":{"rendered":"\n<p>Redacci\u00f3n\/Zona Roja.<\/p>\n\n\n\n<p>Oaxaca de Ju\u00e1rez, Oax., a 10 de mayo de 2024.- Ante la crisis h\u00eddrica y ambiental que vive actualmente Oaxaca, m\u00e1s de 25 organizaciones de la sociedad civil, instituciones acad\u00e9micas y activistas, conformaron el Observatorio Ciudadano\/ Comunitario del Agua y Medio Ambiente de los Valles Centrales.<\/p>\n\n\n\n<p>Lo anterior como una iniciativa coordinada que busca un cambio en la formulaci\u00f3n de pol\u00edticas p\u00fablicas a trav\u00e9s del acceso a la informaci\u00f3n y rendici\u00f3n de cuentas; operar con mecanismos de contralor\u00eda social para vigilar la correcta ejecuci\u00f3n del gasto p\u00fablico, generar informaci\u00f3n, as\u00ed como el fortalecimiento de capacidades e iniciativas para protecci\u00f3n, conservaci\u00f3n, restauraci\u00f3n y gesti\u00f3n integral del ciclo socio natural del agua y del medio ambiente en los Valles Centrales.<\/p>\n\n\n\n<p>Las organizaciones integrantes del Observatorio presentaron cuatro solicitudes de informaci\u00f3n entregadas ante la Comisi\u00f3n Nacional del Agua, el Gobierno del Estado, as\u00ed como al ayuntamiento de Oaxaca de Ju\u00e1rez para conocer planes, acciones y presupuestos destinados a la atenci\u00f3n oportuna del desabasto de agua, el manejo de residuos s\u00f3lidos urbanos, el plan de rescate del Rio Atoyac y Salado, as\u00ed como datos t\u00e9cnicos de los proyectos estrat\u00e9gicos anunciados para enfrentar la sequ\u00eda.<\/p>\n\n\n\n<p>El Observatorio tiene entre sus principales &nbsp;objetivos: Incidir en la formulaci\u00f3n, el fortalecimiento y la reorientaci\u00f3n de pol\u00edticas federales, estatales, metropolitanas y municipales relativas al derecho al agua y a un ambiente sano; Contribuir a la difusi\u00f3n de las leyes y normativas relacionadas con el agua y el medio ambiente; Acopiar y generar informaci\u00f3n relevante sobre el agua y el medio ambiente para consulta de la ciudadan\u00eda en general, y la vigilancia y monitoreo ciudadano de los r\u00edos Atoyac y Salado.<\/p>\n\n\n\n<p>Dentro de las organizaciones que conforman el Observatorio Ciudadano Comunitario del Agua se encuentran Amigos del Jard\u00edn Etnobot\u00e1nico de Oaxaca A.C., Centro de Derechos Ind\u00edgenas Flor y Canto, A.C.; Consejo Civil Mexicano para la Silvicultura Sostenible A.C.; Consorcio Oaxaca; Educa, INSO; Coordinadora Estatal de Productores de Caf\u00e9 de Oaxaca (CEPCO); Espacio de Encuentro de las Culturas Originarias A.C. y el Foro Oaxaque\u00f1o del Agua, entre otras.<\/p>\n","protected":false},"excerpt":{"rendered":"<p>Redacci\u00f3n\/Zona Roja. Oaxaca de Ju\u00e1rez, Oax., a 10 de mayo de 2024.- Ante la crisis&hellip;<\/p>\n","protected":false},"author":2,"featured_media":68231,"comment_status":"closed","ping_status":"open","sticky":false,"template":"","format":"standard","meta":{"_lmt_disableupdate":"","_lmt_disable":"","_jetpack_memberships_contains_paid_content":false,"footnotes":""},"categories":[109,46],"tags":[],"class_list":["post-68230","post","type-post","status-publish","format-standard","has-post-thumbnail","hentry","category-minuto-a-minuto","category-zona-blanca"],"jetpack_featured_media_url":"https:\/\/zonaroja.com.mx\/wp-content\/uploads\/2024\/05\/Observatorio-Ciudadano-del-Agua.jpeg","jetpack_sharing_enabled":true,"_links":{"self":[{"href":"https:\/\/zonaroja.com.mx\/index.php?rest_route=\/wp\/v2\/posts\/68230","targetHints":{"allow":["GET"]}}],"collection":[{"href":"https:\/\/zonaroja.com.mx\/index.php?rest_route=\/wp\/v2\/posts"}],"about":[{"href":"https:\/\/zonaroja.com.mx\/index.php?rest_route=\/wp\/v2\/types\/post"}],"author":[{"embeddable":true,"href":"https:\/\/zonaroja.com.mx\/index.php?rest_route=\/wp\/v2\/users\/2"}],"replies":[{"embeddable":true,"href":"https:\/\/zonaroja.com.mx\/index.php?rest_route=%2Fwp%2Fv2%2Fcomments&post=68230"}],"version-history":[{"count":1,"href":"https:\/\/zonaroja.com.mx\/index.php?rest_route=\/wp\/v2\/posts\/68230\/revisions"}],"predecessor-version":[{"id":68232,"href":"https:\/\/zonaroja.com.mx\/index.php?rest_route=\/wp\/v2\/posts\/68230\/revisions\/68232"}],"wp:featuredmedia":[{"embeddable":true,"href":"https:\/\/zonaroja.com.mx\/index.php?rest_route=\/wp\/v2\/media\/68231"}],"wp:attachment":[{"href":"https:\/\/zonaroja.com.mx\/index.php?rest_route=%2Fwp%2Fv2%2Fmedia&parent=68230"}],"wp:term":[{"taxonomy":"category","embeddable":true,"href":"https:\/\/zonaroja.com.mx\/index.php?rest_route=%2Fwp%2Fv2%2Fcategories&post=68230"},{"taxonomy":"post_tag","embeddable":true,"href":"https:\/\/zonaroja.com.mx\/index.php?rest_route=%2Fwp%2Fv2%2Ftags&post=68230"}],"curies":[{"name":"wp","href":"https:\/\/api.w.org\/{rel}","templated":true}]}}