{"id":68239,"date":"2024-05-10T22:01:33","date_gmt":"2024-05-11T04:01:33","guid":{"rendered":"https:\/\/zonaroja.com.mx\/?p=68239"},"modified":"2024-05-10T22:01:35","modified_gmt":"2024-05-11T04:01:35","slug":"en-inedita-ruta-caravana-de-migrantes-pernocta-en-oaxaca-capital","status":"publish","type":"post","link":"https:\/\/zonaroja.com.mx\/?p=68239","title":{"rendered":"En in\u00e9dita ruta, caravana de migrantes pernocta en Oaxaca capital"},"content":{"rendered":"\n<p>Ismael Garc\u00eda M.\/Zona Roja.<\/p>\n\n\n\n<p>Oaxaca de Ju\u00e1rez, Oax., a 10 de mayo de 2024.- En una traves\u00eda que dur\u00f3 casi mes y medio, a partir de Chiapas, alrededor de 700 migrantes llegaron a la capital de Oaxaca por una in\u00e9dita ruta.<\/p>\n\n\n\n<p>Esta noche pernoctan en el polideportivo \u201cVenustiano Carranza\u201d, de la colonia Am\u00e9rica de la ciudad, bajo resguardo de instituciones estatales y ma\u00f1ana prev\u00e9 reanudar su marcha con rumbo al estado de Puebla.<\/p>\n\n\n\n<p>Anoche descansaron a un costado de la carretera federal 175 Oaxaca-Puerto \u00c1ngel, a la altura del crucero conocido como la Y, jurisdicci\u00f3n de la Villa de Zaachila y esta ma\u00f1ana reanudaron su marcha.<\/p>\n\n\n\n<p>Sin embargo, en previsi\u00f3n y con la idea que continuaran su viaje sin pisar la ciudad, la Polic\u00eda Estatal y la Polic\u00eda Vial dispuso de un operativo de seguridad sobre la avenida S\u00edmbolos Patrios, a la altura del crucero del camino antiguo a Santa Cruz Xoxocotl\u00e1n.<\/p>\n\n\n\n<figure class=\"wp-block-embed is-type-rich is-provider-twitter wp-block-embed-twitter\"><div class=\"wp-block-embed__wrapper\">\n<div class=\"twitter-tweet\"><blockquote class=\"twitter-tweet\" data-lang=\"es\"><p lang=\"es\" dir=\"ltr\">El titular de <a href=\"https:\/\/twitter.com\/CDPAZ_GobOax?ref_src=twsrc%5Etfw\">@CDPAZ_GobOax<\/a>, Donato Vargas, no s\u00f3lo est\u00e1 denunciado formalmente por acoso sexual por varias v\u00edctimas. <br>Tambi\u00e9n orden\u00f3 retirar y agredir hoy a <a href=\"https:\/\/twitter.com\/hashtag\/periodistas?src=hash&amp;ref_src=twsrc%5Etfw\">#periodistas<\/a>, como <a href=\"https:\/\/twitter.com\/Tte_ARto?ref_src=twsrc%5Etfw\">@Tte_ARto<\/a> de <a href=\"https:\/\/twitter.com\/LaJornada?ref_src=twsrc%5Etfw\">@LaJornada<\/a>, que cubr\u00edan la llegada de migrantes, en la zona sur de la capital de Oaxaca.\u2026 <a href=\"https:\/\/t.co\/kLV7ZTFy0H\">pic.twitter.com\/kLV7ZTFy0H<\/a><\/p>&mdash; Zona Roja Oaxaca (@ZonaRoja_Oaxaca) <a href=\"https:\/\/twitter.com\/ZonaRoja_Oaxaca\/status\/1789111589171257684?ref_src=twsrc%5Etfw\">11 de mayo de 2024<\/a><\/blockquote><\/div>\n<\/div><\/figure>\n\n\n\n<p>LA AGRESI\u00d3N<\/p>\n\n\n\n<p>Donato Vargas, titular de la Coordinaci\u00f3n de Delegados de Paz, intent\u00f3 infructuosamente que cambiaran su ruta en incluso grit\u00f3 y manote\u00f3.<\/p>\n\n\n\n<p>El reportero Jorge Arturo P\u00e9rez, corresponsal del diario \u201cLa Jornada\u201d, grababa la escena, en inmediaciones de la poblaci\u00f3n de \u00c1nimas Trajano, por el cual el funcionario pidi\u00f3 a uno de sus colaboradores que lo retirara.<\/p>\n\n\n\n<p>Lo anterior origin\u00f3 que el sujeto empujara al periodista, ante otros colegas, por lo que los propios migrantes tuvieron que intervenir para que no impidieran la labor de la prensa.<\/p>\n\n\n\n<p>Finalmente, las corporaciones policiacas tuvieron que retirar las vallas que ten\u00edan disponibles, as\u00ed como los elementos asignados, para que la caravana pasara hasta llegar al entronque con el r\u00edo \u201cSalado\u201d, jurisdicci\u00f3n de San Antonio de la Cal.<\/p>\n\n\n\n<p>Finalmente poco despu\u00e9s de las cinco de la tarde arribaron al polideportivo, donde contin\u00faan descansando los provenientes de Centroam\u00e9rica, Sudam\u00e9rica y \u00c1frica, muchos con menores de edad y algunas mujeres embarazadas.<\/p>\n\n\n\n<figure class=\"wp-block-embed is-type-rich is-provider-twitter wp-block-embed-twitter\"><div class=\"wp-block-embed__wrapper\">\n<div class=\"twitter-tweet\"><blockquote class=\"twitter-tweet\" data-lang=\"es\"><p lang=\"es\" dir=\"ltr\">Alrededor de las 14:35 horas ingres\u00f3 la caravana de migrantes a la ciudad de <a href=\"https:\/\/twitter.com\/hashtag\/Oaxaca?src=hash&amp;ref_src=twsrc%5Etfw\">#Oaxaca<\/a>. <br>De la avenida S\u00edmbolos Patrios fueron desviados hacia la carretera lateral del r\u00edo \u201cSalado\u201d.<br>Se prev\u00e9 que pernocten en el Polideportivos, colonia Am\u00e9rica de la capital. <a href=\"https:\/\/t.co\/bmuTWqGfrM\">pic.twitter.com\/bmuTWqGfrM<\/a><\/p>&mdash; Zona Roja Oaxaca (@ZonaRoja_Oaxaca) <a href=\"https:\/\/twitter.com\/ZonaRoja_Oaxaca\/status\/1789043982535717362?ref_src=twsrc%5Etfw\">10 de mayo de 2024<\/a><\/blockquote><\/div>\n<\/div><\/figure>\n\n\n\n<p>HAY ATENCI\u00d3N<\/p>\n\n\n\n<p>El Gobierno del Estado de Oaxaca dio a conocer que habilit\u00f3 el polideportivo \u201cVenustiano Carranza\u201d como una acci\u00f3n de ayuda humanitaria para las personas integrantes de la caravana migrante en su paso por el municipio de Oaxaca de Ju\u00e1rez, \u201ccon lo cual se refrenda el compromiso humanista del gobernador Salom\u00f3n Jara Cruz con la poblaci\u00f3n migrante\u201d.<\/p>\n\n\n\n<p>Indic\u00f3 que en dicho espacio los Servicios de Salud de Oaxaca (SSO) otorgar\u00e1n atenci\u00f3n m\u00e9dica a aquellas personas en situaci\u00f3n de movilidad que lo necesiten, as\u00ed como informaci\u00f3n sobre prevenci\u00f3n de enfermedades.<\/p>\n\n\n\n<p>Participan tambi\u00e9n, la Coordinaci\u00f3n Estatal de Protecci\u00f3n Civil y Gesti\u00f3n de Riesgos (CEPCyGR), el Heroico Cuerpo de Bomberos, Asociaci\u00f3n de Parteras Apoyando Migrantes quienes, tienen una ambulancia prestando la atenci\u00f3n pertinente; y se espera el arribo de otra unidad por parte de la Universidad Aut\u00f3noma Benito Ju\u00e1rez de Oaxaca (UABJO).<\/p>\n\n\n\n<p>Se pusieron a disposici\u00f3n sanitarios y puntos de hidrataci\u00f3n con v\u00edveres donados por el Sistema Estatal para el Desarrollo Integral de la Familia (DIF) Oaxaca, la UABJO y asociaciones civiles.<\/p>\n\n\n\n<p>De igual forma, se habilit\u00f3 la red hospitalaria donde recibir\u00e1n de ser necesario a la poblaci\u00f3n migrante que lo requiera.<\/p>\n\n\n\n<p>Todas las instituciones que integran el Gobierno de Oaxaca est\u00e1n vigilantes para atender cualquier situaci\u00f3n que se presente en caso de ser necesario.<\/p>\n\n\n\n<p>Se espera un flujo aproximado de 455 hombres, 82 mujeres y 77 ni\u00f1os, ni\u00f1as y adolescentes, adem\u00e1s durante esta caravana se detectaron cinco mujeres embarazadas a quienes se les proporcion\u00f3 consulta prenatal, sumando un total de 614 personas.<\/p>\n\n\n\n<p>Mismas que partir\u00e1n el d\u00eda s\u00e1bado al amanecer hacia la carretera federal 190 para continuar con su camino por lo que ser\u00e1n escoltados hasta ese punto.<\/p>\n\n\n\n<p>Las dependencias que han participado de manera permanente para salvaguardar la integridad de las personas en situaci\u00f3n de tr\u00e1nsito hasta este momento son: la Polic\u00eda Vial Estatal, la Polic\u00eda Estatal, la Guardia Nacional y la Coordinaci\u00f3n de Delegados de Paz de la Secretar\u00eda de Gobierno.<\/p>\n","protected":false},"excerpt":{"rendered":"<p>Ismael Garc\u00eda M.\/Zona Roja. Oaxaca de Ju\u00e1rez, Oax., a 10 de mayo de 2024.- En&hellip;<\/p>\n","protected":false},"author":2,"featured_media":68240,"comment_status":"closed","ping_status":"open","sticky":false,"template":"","format":"standard","meta":{"_lmt_disableupdate":"","_lmt_disable":"","_jetpack_memberships_contains_paid_content":false,"footnotes":""},"categories":[109,47],"tags":[3641],"class_list":["post-68239","post","type-post","status-publish","format-standard","has-post-thumbnail","hentry","category-minuto-a-minuto","category-zona-gris","tag-migrantes-en-oaxaca"],"jetpack_featured_media_url":"https:\/\/zonaroja.com.mx\/wp-content\/uploads\/2024\/05\/Caravana-de-migrantes-llega-a-Oaxaca.jpg","jetpack_sharing_enabled":true,"_links":{"self":[{"href":"https:\/\/zonaroja.com.mx\/index.php?rest_route=\/wp\/v2\/posts\/68239","targetHints":{"allow":["GET"]}}],"collection":[{"href":"https:\/\/zonaroja.com.mx\/index.php?rest_route=\/wp\/v2\/posts"}],"about":[{"href":"https:\/\/zonaroja.com.mx\/index.php?rest_route=\/wp\/v2\/types\/post"}],"author":[{"embeddable":true,"href":"https:\/\/zonaroja.com.mx\/index.php?rest_route=\/wp\/v2\/users\/2"}],"replies":[{"embeddable":true,"href":"https:\/\/zonaroja.com.mx\/index.php?rest_route=%2Fwp%2Fv2%2Fcomments&post=68239"}],"version-history":[{"count":1,"href":"https:\/\/zonaroja.com.mx\/index.php?rest_route=\/wp\/v2\/posts\/68239\/revisions"}],"predecessor-version":[{"id":68241,"href":"https:\/\/zonaroja.com.mx\/index.php?rest_route=\/wp\/v2\/posts\/68239\/revisions\/68241"}],"wp:featuredmedia":[{"embeddable":true,"href":"https:\/\/zonaroja.com.mx\/index.php?rest_route=\/wp\/v2\/media\/68240"}],"wp:attachment":[{"href":"https:\/\/zonaroja.com.mx\/index.php?rest_route=%2Fwp%2Fv2%2Fmedia&parent=68239"}],"wp:term":[{"taxonomy":"category","embeddable":true,"href":"https:\/\/zonaroja.com.mx\/index.php?rest_route=%2Fwp%2Fv2%2Fcategories&post=68239"},{"taxonomy":"post_tag","embeddable":true,"href":"https:\/\/zonaroja.com.mx\/index.php?rest_route=%2Fwp%2Fv2%2Ftags&post=68239"}],"curies":[{"name":"wp","href":"https:\/\/api.w.org\/{rel}","templated":true}]}}