{"id":6825,"date":"2019-12-20T12:32:25","date_gmt":"2019-12-20T18:32:25","guid":{"rendered":"https:\/\/www.zonaroja.com.mx\/?p=6825"},"modified":"2019-12-20T12:32:28","modified_gmt":"2019-12-20T18:32:28","slug":"una-semana-despues-catea-fiscalia-domicilios-en-ayutla-en-busca-de-instrumentos-robados","status":"publish","type":"post","link":"https:\/\/zonaroja.com.mx\/?p=6825","title":{"rendered":"Una semana despu\u00e9s, catea Fiscal\u00eda domicilios en Ayutla, en busca de instrumentos robados"},"content":{"rendered":"\n<p class=\"p1\">Redacci\u00f3n\/ Zona Roja.<\/p>\n\n\n\n<p class=\"p1\">Oaxaca de Ju\u00e1rez, Oax., 20 de diciembre de 2019\/- Una semana despu\u00e9s de cometido el robo, elementos de la Agencia Estatal de Investigaciones, dependientes de la Fiscal\u00eda General de Oaxaca, realizaron una serie de cateos en domicilios de San Pedro y San Pablo Ayutla, a fin de continuar con las investigaciones que permitan la localizaci\u00f3n de los instrumentos hurtados a la Banda Filarm\u00f3nica de la localidad.&nbsp;<\/p>\n\n\n\n<p class=\"p1\">As\u00ed lo dio a conocer la dependencia a trav\u00e9s de sus redes sociales, en donde puntualiz\u00f3 que se trata de una estrategia que permita hacer justicia a las y los m\u00fasicos que vieron afectada su labor, a la par que se comprometi\u00f3 a no dejar impune los hechos y sancionar a quienes resulten responsables.<\/p>\n\n\n\n<p class=\"p1\">\u201cEsta b\u00fasqueda se enmarca en el compromiso de la instituci\u00f3n de procurar justicia en favor de los m\u00fasicos y no permitir que este delito quede impune, por lo que se continuar\u00e1 investigando hasta esclarecer este hecho\u201d, cita en su cuenta de Twitter, en la que adem\u00e1s comparten al menos siete fotograf\u00edas que dan fe de los cateos en domicilios de la localidad.&nbsp;<\/p>\n\n\n\n<p class=\"p2\">Lo anterior luego de que la poblaci\u00f3n emitiera un comunicado de prensa en donde pidieran a las autoridades de gobierno y procuraci\u00f3n de justicia llegar a la verdad de los hechos, dar con los responsables del robo de 35 instrumentos musicales y sancionarlos conforme lo establece la ley.&nbsp;<\/p>\n\n\n\n<p class=\"p1\">De acuerdo con los expuesto por la poblaci\u00f3n, los hechos ocurrieron el pasado 13 de diciembre en la localidad, cuando sujetos desconocidos hurtaron el patrimonio comunitario y que incluso forma parte de la identidad del pueblo, reconocido por su cultura musical la cual se inculca desde muy temprana edad.&nbsp;<\/p>\n\n\n\n<p class=\"p1\">La informaci\u00f3n se hizo viral en las redes sociales donde decenas de personas lamentaron la situaci\u00f3n y se comprometieron a apoyar a las y los m\u00fasicos para reponer sus instrumentos.<\/p>\n\n\n\n<p class=\"p1\">Posteriormente el gobierno de Oaxaca se comprometi\u00f3 a intervenir por lo que se espera que&nbsp;<a href=\"\/\/1\">este lunes 23 de diciembre<\/a>&nbsp;el mandatario estatal, Alejandro Murat Hinojosa, haga entrega del equipo musical.&nbsp;<\/p>\n\n\n\n<p class=\"p1\">As\u00ed mismo, se manifestaron conmovidos&nbsp; con la respuesta obtenida por la sociedad y se comprometieron a usar los donativos&nbsp; para ampliar el patrimonio de la banda el que no ha sido posible renovar por la falta de recursos.<\/p>\n\n\n\n<p class=\"p1\">A la par que aclararon lo anterior ser\u00e1 reportado de forma p\u00fablica y transparente mediante Asamblea y difundido en los medios de comunicaci\u00f3n.&nbsp;<\/p>\n","protected":false},"excerpt":{"rendered":"<p>Redacci\u00f3n\/ Zona Roja. Oaxaca de Ju\u00e1rez, Oax., 20 de diciembre de 2019\/- Una semana despu\u00e9s&hellip;<\/p>\n","protected":false},"author":2,"featured_media":6824,"comment_status":"closed","ping_status":"open","sticky":false,"template":"","format":"standard","meta":{"_lmt_disableupdate":"","_lmt_disable":"","_jetpack_memberships_contains_paid_content":false,"footnotes":""},"categories":[109,47],"tags":[1147],"class_list":["post-6825","post","type-post","status-publish","format-standard","has-post-thumbnail","hentry","category-minuto-a-minuto","category-zona-gris","tag-san-pedro-y-san-pablo-ayutla"],"jetpack_featured_media_url":"https:\/\/zonaroja.com.mx\/wp-content\/uploads\/2019\/12\/img_0957.jpg","jetpack_sharing_enabled":true,"_links":{"self":[{"href":"https:\/\/zonaroja.com.mx\/index.php?rest_route=\/wp\/v2\/posts\/6825","targetHints":{"allow":["GET"]}}],"collection":[{"href":"https:\/\/zonaroja.com.mx\/index.php?rest_route=\/wp\/v2\/posts"}],"about":[{"href":"https:\/\/zonaroja.com.mx\/index.php?rest_route=\/wp\/v2\/types\/post"}],"author":[{"embeddable":true,"href":"https:\/\/zonaroja.com.mx\/index.php?rest_route=\/wp\/v2\/users\/2"}],"replies":[{"embeddable":true,"href":"https:\/\/zonaroja.com.mx\/index.php?rest_route=%2Fwp%2Fv2%2Fcomments&post=6825"}],"version-history":[{"count":1,"href":"https:\/\/zonaroja.com.mx\/index.php?rest_route=\/wp\/v2\/posts\/6825\/revisions"}],"predecessor-version":[{"id":6826,"href":"https:\/\/zonaroja.com.mx\/index.php?rest_route=\/wp\/v2\/posts\/6825\/revisions\/6826"}],"wp:featuredmedia":[{"embeddable":true,"href":"https:\/\/zonaroja.com.mx\/index.php?rest_route=\/wp\/v2\/media\/6824"}],"wp:attachment":[{"href":"https:\/\/zonaroja.com.mx\/index.php?rest_route=%2Fwp%2Fv2%2Fmedia&parent=6825"}],"wp:term":[{"taxonomy":"category","embeddable":true,"href":"https:\/\/zonaroja.com.mx\/index.php?rest_route=%2Fwp%2Fv2%2Fcategories&post=6825"},{"taxonomy":"post_tag","embeddable":true,"href":"https:\/\/zonaroja.com.mx\/index.php?rest_route=%2Fwp%2Fv2%2Ftags&post=6825"}],"curies":[{"name":"wp","href":"https:\/\/api.w.org\/{rel}","templated":true}]}}