{"id":68252,"date":"2024-05-11T07:47:10","date_gmt":"2024-05-11T13:47:10","guid":{"rendered":"https:\/\/zonaroja.com.mx\/?p=68252"},"modified":"2024-05-11T07:47:12","modified_gmt":"2024-05-11T13:47:12","slug":"en-tercer-dia-incrementan-bloqueos-por-incendios-en-mitla-hay-atencion-asegura-gobierno","status":"publish","type":"post","link":"https:\/\/zonaroja.com.mx\/?p=68252","title":{"rendered":"En tercer d\u00eda, incrementan bloqueos por incendios en Mitla; hay atenci\u00f3n, asegura gobierno"},"content":{"rendered":"\n<p>Raymundo Morales\/Zona Roja.<\/p>\n\n\n\n<p>Oaxaca de Ju\u00e1rez, Oax., a 11 de mayo de 2024.- En el tercer d\u00eda de protestas, este s\u00e1bado se incrementaron los bloqueos a la carretera Oaxaca-Istmo, por parte de pobladores que exigen atenci\u00f3n a incendios forestales que surgieron desde hace seis d\u00edas en montes de la Villa de Mitla y Villa de D\u00edaz Ordaz.<\/p>\n\n\n\n<p>Esta ma\u00f1ana fue instalado un cierre vial a la altura del crucero al municipio de San Dionisio Ocotepec y contin\u00faan otros dos, en inmediaciones de la agencia Uni\u00f3n Zapata de Mitla y del fraccionamiento Rancho Valle del Lago de Tlacolula de Matamoros.<\/p>\n\n\n\n<p>Las fuertes conflagraciones han avanzado y amenazan a reservas naturales de Mitla, as\u00ed como la zona de cuevas prehist\u00f3ricas, declaradas por la Unesco como patrimonio natural.<\/p>\n\n\n\n<p>Seg\u00fan los habitantes, la atenci\u00f3n que han brindado los gobiernos estatal y federal ha sido insuficiente, por lo cual se requiere que se asigne un helic\u00f3ptero con balde, para sofocar la conflagraci\u00f3n, que se aprecia en el valle de Tlacolula.<\/p>\n\n\n\n<p>HAY ATENCI\u00d3N<\/p>\n\n\n\n<p>Por su parte, el Gobierno del Estado de Oaxaca dio a conocer que personal de diversas dependencias del gobierno federal como estatal combaten el incendio que se registra en los l\u00edmites del municipio de Villa D\u00edaz Ordaz y la agencia municipal de San Lorenzo Albarradas, perteneciente a la Villa de Mitla.<\/p>\n\n\n\n<p>Destac\u00f3 que se gestiona con el Gobierno de la Rep\u00fablica el apoyo de un helic\u00f3ptero que refuerce los trabajos que realizan brigadistas que se encuentran en la zona.<\/p>\n\n\n\n<p>Mientras se concreta la solicitud, una aeronave del Gobierno del Estado de Oaxaca realiza sobrevuelos para identificar puntos cr\u00edticos.<\/p>\n\n\n\n<p>Con relaci\u00f3n a los bloqueos que personas pobladoras mantienen en algunos tramos de la carretera federal 190, exhort\u00f3 a quienes se manifiestan liberen la v\u00eda de tr\u00e1nsito para que personal que trabaja en el combate del siniestro y la ayuda puedan llegar a la zona y se logre extinguir el fuego como ha ocurrido en diversos puntos de la geograf\u00eda estatal donde se han presentado conflagraciones que se han sofocado con el apoyo del gobierno estatal.<\/p>\n","protected":false},"excerpt":{"rendered":"<p>Raymundo Morales\/Zona Roja. Oaxaca de Ju\u00e1rez, Oax., a 11 de mayo de 2024.- En el&hellip;<\/p>\n","protected":false},"author":2,"featured_media":68253,"comment_status":"closed","ping_status":"open","sticky":false,"template":"","format":"standard","meta":{"_lmt_disableupdate":"","_lmt_disable":"","_jetpack_memberships_contains_paid_content":false,"footnotes":""},"categories":[109,47],"tags":[1256],"class_list":["post-68252","post","type-post","status-publish","format-standard","has-post-thumbnail","hentry","category-minuto-a-minuto","category-zona-gris","tag-incendios-forestales-oaxaca"],"jetpack_featured_media_url":"https:\/\/zonaroja.com.mx\/wp-content\/uploads\/2024\/05\/Bloqueos-por-incendios-carretera-Mitla.jpeg","jetpack_sharing_enabled":true,"_links":{"self":[{"href":"https:\/\/zonaroja.com.mx\/index.php?rest_route=\/wp\/v2\/posts\/68252","targetHints":{"allow":["GET"]}}],"collection":[{"href":"https:\/\/zonaroja.com.mx\/index.php?rest_route=\/wp\/v2\/posts"}],"about":[{"href":"https:\/\/zonaroja.com.mx\/index.php?rest_route=\/wp\/v2\/types\/post"}],"author":[{"embeddable":true,"href":"https:\/\/zonaroja.com.mx\/index.php?rest_route=\/wp\/v2\/users\/2"}],"replies":[{"embeddable":true,"href":"https:\/\/zonaroja.com.mx\/index.php?rest_route=%2Fwp%2Fv2%2Fcomments&post=68252"}],"version-history":[{"count":1,"href":"https:\/\/zonaroja.com.mx\/index.php?rest_route=\/wp\/v2\/posts\/68252\/revisions"}],"predecessor-version":[{"id":68254,"href":"https:\/\/zonaroja.com.mx\/index.php?rest_route=\/wp\/v2\/posts\/68252\/revisions\/68254"}],"wp:featuredmedia":[{"embeddable":true,"href":"https:\/\/zonaroja.com.mx\/index.php?rest_route=\/wp\/v2\/media\/68253"}],"wp:attachment":[{"href":"https:\/\/zonaroja.com.mx\/index.php?rest_route=%2Fwp%2Fv2%2Fmedia&parent=68252"}],"wp:term":[{"taxonomy":"category","embeddable":true,"href":"https:\/\/zonaroja.com.mx\/index.php?rest_route=%2Fwp%2Fv2%2Fcategories&post=68252"},{"taxonomy":"post_tag","embeddable":true,"href":"https:\/\/zonaroja.com.mx\/index.php?rest_route=%2Fwp%2Fv2%2Ftags&post=68252"}],"curies":[{"name":"wp","href":"https:\/\/api.w.org\/{rel}","templated":true}]}}