{"id":68258,"date":"2024-05-11T09:10:00","date_gmt":"2024-05-11T15:10:00","guid":{"rendered":"https:\/\/zonaroja.com.mx\/?p=68258"},"modified":"2024-05-11T08:11:54","modified_gmt":"2024-05-11T14:11:54","slug":"programas-de-la-4t-no-deben-condicionarse-david-aguilar-hernandez","status":"publish","type":"post","link":"https:\/\/zonaroja.com.mx\/?p=68258","title":{"rendered":"Programas de la 4T no deben condicionarse: David Aguilar Hern\u00e1ndez"},"content":{"rendered":"\n<p>Raymundo Morales\/Zona Roja.<\/p>\n\n\n\n<p>Oaxaca de Ju\u00e1rez, Oax., a 11 de mayo de 2024.- Al reiterar su llamado al voto para las y los candidatos de la alianza \u201cFuerza y Coraz\u00f3n por M\u00e9xico\u201d, el aspirante a&nbsp; la diputaci\u00f3n federal por el distrito 8, David Aguilar Hern\u00e1ndez rechaz\u00f3 que los programas sociales federales se condiciones.<\/p>\n\n\n\n<p>\u201cEste gobierno (de la llamada Cuarta Transformaci\u00f3n) no los puso en marcha y por lo tanto no acepten condicionamientos\u201d, dijo a seguidores y militantes de los partidos PRI, PAN y PRD.<\/p>\n\n\n\n<p>Esto luego de escuchar las quejas acerca de como el partido del poder, busca amedrentar a las personas con perder los programas sociales, si no votan por ellos este 2 de junio.<\/p>\n\n\n\n<p>Y es que, entre otras inquietudes, una vecina, se\u00f1al\u00f3: \u201cle da el presidente su ayuda, s\u00ed me la da, y me sirve much\u00edsimo como no, no voy a negar que me\u2026, pero s\u00ed de ese dinero depende que los ni\u00f1os c\u00e1ncer tengan su medicamento, que las se\u00f1oras con c\u00e1ncer de mama tengan su medicamento, que me lo quiten, me quieren amedrentar con que me quitan la ayuda\u201d.<\/p>\n\n\n\n<p>Y agreg\u00f3 que mientras a algunos j\u00f3venes les dan becas para estudiar y no las aprovechan, cientos de ni\u00f1os y mujeres se quedaron si medicamentos que podr\u00edan salvar su vida.<\/p>\n\n\n\n<p>David Aguilar Hern\u00e1ndez mantiene de manera cotidiana intensos recorridos por calles y colonias de la capital y de las zonas que comprenden el distrito 8 federal, para presentar sus propuestas legislativas, una vez que llegue a la C\u00e1mara de Diputados del Congreso de la Uni\u00f3n.<\/p>\n\n\n\n<figure class=\"wp-block-embed is-type-rich is-provider-twitter wp-block-embed-twitter\"><div class=\"wp-block-embed__wrapper\">\n<div class=\"twitter-tweet\"><blockquote class=\"twitter-tweet\" data-lang=\"es\"><p lang=\"es\" dir=\"ltr\">Vivir sin miedo es posible. \ud83e\udd29Mi compromiso es promover una cultura de prevenci\u00f3n y contenci\u00f3n del delito para garantizar paz y seguridad. \u00a1Es hora de acciones concretas y no m\u00e1s promesas! Es tiempo de recuperar <a href=\"https:\/\/twitter.com\/hashtag\/Oaxaca?src=hash&amp;ref_src=twsrc%5Etfw\">#Oaxaca<\/a> <a href=\"https:\/\/twitter.com\/hashtag\/Elecciones2024Mx?src=hash&amp;ref_src=twsrc%5Etfw\">#Elecciones2024Mx<\/a> <a href=\"https:\/\/twitter.com\/hashtag\/JalemosParejo?src=hash&amp;ref_src=twsrc%5Etfw\">#JalemosParejo<\/a> <a href=\"https:\/\/twitter.com\/hashtag\/TeAmoOaxaca?src=hash&amp;ref_src=twsrc%5Etfw\">#TeAmoOaxaca<\/a> <a href=\"https:\/\/t.co\/zOMnMiZB9o\">pic.twitter.com\/zOMnMiZB9o<\/a><\/p>&mdash; David Aguilar Hern\u00e1ndez (@DavidAguilarHe_) <a href=\"https:\/\/twitter.com\/DavidAguilarHe_\/status\/1788755612735504687?ref_src=twsrc%5Etfw\">10 de mayo de 2024<\/a><\/blockquote><\/div>\n<\/div><\/figure>\n","protected":false},"excerpt":{"rendered":"<p>Raymundo Morales\/Zona Roja. Oaxaca de Ju\u00e1rez, Oax., a 11 de mayo de 2024.- Al reiterar&hellip;<\/p>\n","protected":false},"author":2,"featured_media":68259,"comment_status":"closed","ping_status":"open","sticky":false,"template":"","format":"standard","meta":{"_lmt_disableupdate":"","_lmt_disable":"","_jetpack_memberships_contains_paid_content":false,"footnotes":""},"categories":[109,46],"tags":[3934],"class_list":["post-68258","post","type-post","status-publish","format-standard","has-post-thumbnail","hentry","category-minuto-a-minuto","category-zona-blanca","tag-david-aguilar-hernandez"],"jetpack_featured_media_url":"https:\/\/zonaroja.com.mx\/wp-content\/uploads\/2024\/05\/David-Aguilar-Hernandez.jpeg","jetpack_sharing_enabled":true,"_links":{"self":[{"href":"https:\/\/zonaroja.com.mx\/index.php?rest_route=\/wp\/v2\/posts\/68258","targetHints":{"allow":["GET"]}}],"collection":[{"href":"https:\/\/zonaroja.com.mx\/index.php?rest_route=\/wp\/v2\/posts"}],"about":[{"href":"https:\/\/zonaroja.com.mx\/index.php?rest_route=\/wp\/v2\/types\/post"}],"author":[{"embeddable":true,"href":"https:\/\/zonaroja.com.mx\/index.php?rest_route=\/wp\/v2\/users\/2"}],"replies":[{"embeddable":true,"href":"https:\/\/zonaroja.com.mx\/index.php?rest_route=%2Fwp%2Fv2%2Fcomments&post=68258"}],"version-history":[{"count":1,"href":"https:\/\/zonaroja.com.mx\/index.php?rest_route=\/wp\/v2\/posts\/68258\/revisions"}],"predecessor-version":[{"id":68260,"href":"https:\/\/zonaroja.com.mx\/index.php?rest_route=\/wp\/v2\/posts\/68258\/revisions\/68260"}],"wp:featuredmedia":[{"embeddable":true,"href":"https:\/\/zonaroja.com.mx\/index.php?rest_route=\/wp\/v2\/media\/68259"}],"wp:attachment":[{"href":"https:\/\/zonaroja.com.mx\/index.php?rest_route=%2Fwp%2Fv2%2Fmedia&parent=68258"}],"wp:term":[{"taxonomy":"category","embeddable":true,"href":"https:\/\/zonaroja.com.mx\/index.php?rest_route=%2Fwp%2Fv2%2Fcategories&post=68258"},{"taxonomy":"post_tag","embeddable":true,"href":"https:\/\/zonaroja.com.mx\/index.php?rest_route=%2Fwp%2Fv2%2Ftags&post=68258"}],"curies":[{"name":"wp","href":"https:\/\/api.w.org\/{rel}","templated":true}]}}