{"id":68272,"date":"2024-05-11T21:45:29","date_gmt":"2024-05-12T03:45:29","guid":{"rendered":"https:\/\/zonaroja.com.mx\/?p=68272"},"modified":"2024-05-11T21:45:31","modified_gmt":"2024-05-12T03:45:31","slug":"desactiva-bloqueos-mitla-pero-mantiene-retenidos-a-funcionarios","status":"publish","type":"post","link":"https:\/\/zonaroja.com.mx\/?p=68272","title":{"rendered":"Desactiva bloqueos Mitla\u2026 pero mantiene retenidos a funcionarios"},"content":{"rendered":"\n<p>Ismael Garc\u00eda M.\/Zona Roja.<\/p>\n\n\n\n<p>Oaxaca de Ju\u00e1rez, Oax., a 11 de mayo de 2024.- Luego de m\u00e1s de 48 horas, esta noche pobladores de la Villa de Mitla retiraron los bloqueos en tres puntos de la carretera federal Oaxaca-Istmo.<\/p>\n\n\n\n<p>No obstante, la condici\u00f3n fue que se quedaran retenidos varios funcionarios, entre ellos el secretario de las Culturas, V\u00edctor V\u00e1squez; la directora de la Comisi\u00f3n Estatal Forestal, Magdalena Coello Trejo, y el coordinador de la Delegaci\u00f3n de Paz, Donato Vargas.<\/p>\n\n\n\n<p>Y es que a los cierres de vialidad a la altura del acceso al fraccionamiento Rancho Valle del Lago y a la localidad de Uni\u00f3n Zapata, la ma\u00f1ana de hoy se instal\u00f3 otro en inmediaciones de San Dionisio Ocotepec; en este \u00faltimo caso, los pobladores de dicha localidad se deslindaron de participar en ello.<\/p>\n\n\n\n<p>Tambi\u00e9n en la ma\u00f1ana, cuando pretend\u00eda cruzar la carretera, fue detectado y retenido el secretario de las Culturas, V\u00edctor V\u00e1squez, por lo cual fue llevado al centro de la Villa de Mitla, azuzados por seguidores del presidente municipal con licencia, Luis Armando Olivera, quien busca la reelecci\u00f3n.<\/p>\n\n\n\n<p>Al mediod\u00eda, un grupo de funcionarios del Gobierno del Estado arrib\u00f3 a la cabecera municipal para encabezar reuniones, pero durante la tarde y tras una asamblea, se acord\u00f3 que se mantuvieran en la comunidad zapoteca, distante a unos 41 kil\u00f3metros de la capital oaxaque\u00f1a.<\/p>\n\n\n\n<p>INCREMENTAN ATENCI\u00d3N<\/p>\n\n\n\n<p>La tarde de este s\u00e1bado aterriz\u00f3 en el Hangar del Gobierno del Estado de Oaxaca el helic\u00f3ptero MI-17 de la Secretar\u00eda de Marina (Semar) que apoyar\u00e1 en el combate al incendio que se registra en los l\u00edmites del municipio de Villa de D\u00edaz Ordaz y la agencia municipal de San Lorenzo Albarradas perteneciente a la Villa de Mitla, inform\u00f3 la autoridad estatal.<\/p>\n\n\n\n<p>Indic\u00f3 que el helic\u00f3ptero fue solicitado por el Gobierno de Oaxaca, para que apoye en el combate de la conflagraci\u00f3n, y permitir\u00e1 llevar a cabo descargas de agua, para que de manera conjunta y conforme a las indicaciones del jefe de incidentes, se realicen las labores de liquidaci\u00f3n.<\/p>\n\n\n\n<p>\u201cCabe destacar que el equipo a\u00e9reo estar\u00e1 el tiempo que sea necesario para combatir este incendio, posteriormente, retomar\u00e1 sus actividades ya que existen otros incendios activos a nivel nacional\u201d.<\/p>\n\n\n\n<p>10 INCENDIOS<\/p>\n\n\n\n<p>La Comisi\u00f3n Estatal Forestal (Coesfo) inform\u00f3 que con corte a las 17:00 horas del viernes 10 de mayo se contabilizan 12 incendios activos en donde se brinda la atenci\u00f3n con la participaci\u00f3n de 797 combatientes, entre personas comuneras, brigadistas de la dependencia, de la Comisi\u00f3n Nacional Forestal (Conafor), Secretar\u00eda de la Defensa Nacional (Sedena) y Guardia Nacional (GN).<\/p>\n\n\n\n<p>Cabe mencionar que los trabajos de combate, control y liquidaci\u00f3n se llevan a cabo en los municipios de San Francisco Telixtlahuaca, Etla; San Mateo Sindihui, San Pedro Teozacoalco y San Francisco Cahuacu\u00e1; San Pablo Villa de Mitla y Villa D\u00edaz Ordaz; as\u00ed como de manera separada en Santa Mar\u00eda Chimalapa, San Miguel Chimalapa y San Juan Guichicovi, pertenecientes a la regi\u00f3n del Istmo.<\/p>\n\n\n\n<p>Asimismo, dos m\u00e1s en San Idelfonso Villa Alta y San Francisco Cajonos, otro en Santiago Juxtlahuaca, uno m\u00e1s en San Jos\u00e9 Tenango y San Juan Coatz\u00f3spam y finalmente en San Lucas Camotl\u00e1n, San Miguel Quetzaltepec y San Juan Mazatl\u00e1n.<\/p>\n","protected":false},"excerpt":{"rendered":"<p>Ismael Garc\u00eda M.\/Zona Roja. Oaxaca de Ju\u00e1rez, Oax., a 11 de mayo de 2024.- Luego&hellip;<\/p>\n","protected":false},"author":2,"featured_media":68273,"comment_status":"closed","ping_status":"open","sticky":false,"template":"","format":"standard","meta":{"_lmt_disableupdate":"","_lmt_disable":"","_jetpack_memberships_contains_paid_content":false,"footnotes":""},"categories":[109,47],"tags":[1256],"class_list":["post-68272","post","type-post","status-publish","format-standard","has-post-thumbnail","hentry","category-minuto-a-minuto","category-zona-gris","tag-incendios-forestales-oaxaca"],"jetpack_featured_media_url":"https:\/\/zonaroja.com.mx\/wp-content\/uploads\/2024\/05\/Funcionario-retenido-en-Villa-de-Mitla.jpeg","jetpack_sharing_enabled":true,"_links":{"self":[{"href":"https:\/\/zonaroja.com.mx\/index.php?rest_route=\/wp\/v2\/posts\/68272","targetHints":{"allow":["GET"]}}],"collection":[{"href":"https:\/\/zonaroja.com.mx\/index.php?rest_route=\/wp\/v2\/posts"}],"about":[{"href":"https:\/\/zonaroja.com.mx\/index.php?rest_route=\/wp\/v2\/types\/post"}],"author":[{"embeddable":true,"href":"https:\/\/zonaroja.com.mx\/index.php?rest_route=\/wp\/v2\/users\/2"}],"replies":[{"embeddable":true,"href":"https:\/\/zonaroja.com.mx\/index.php?rest_route=%2Fwp%2Fv2%2Fcomments&post=68272"}],"version-history":[{"count":1,"href":"https:\/\/zonaroja.com.mx\/index.php?rest_route=\/wp\/v2\/posts\/68272\/revisions"}],"predecessor-version":[{"id":68274,"href":"https:\/\/zonaroja.com.mx\/index.php?rest_route=\/wp\/v2\/posts\/68272\/revisions\/68274"}],"wp:featuredmedia":[{"embeddable":true,"href":"https:\/\/zonaroja.com.mx\/index.php?rest_route=\/wp\/v2\/media\/68273"}],"wp:attachment":[{"href":"https:\/\/zonaroja.com.mx\/index.php?rest_route=%2Fwp%2Fv2%2Fmedia&parent=68272"}],"wp:term":[{"taxonomy":"category","embeddable":true,"href":"https:\/\/zonaroja.com.mx\/index.php?rest_route=%2Fwp%2Fv2%2Fcategories&post=68272"},{"taxonomy":"post_tag","embeddable":true,"href":"https:\/\/zonaroja.com.mx\/index.php?rest_route=%2Fwp%2Fv2%2Ftags&post=68272"}],"curies":[{"name":"wp","href":"https:\/\/api.w.org\/{rel}","templated":true}]}}