{"id":68275,"date":"2024-05-12T07:39:00","date_gmt":"2024-05-12T13:39:00","guid":{"rendered":"https:\/\/zonaroja.com.mx\/?p=68275"},"modified":"2024-05-12T06:40:09","modified_gmt":"2024-05-12T12:40:09","slug":"incesante-violencia-contra-politicos-en-proceso-electoral-de-mexico","status":"publish","type":"post","link":"https:\/\/zonaroja.com.mx\/?p=68275","title":{"rendered":"Incesante violencia contra pol\u00edticos, en proceso electoral de M\u00e9xico"},"content":{"rendered":"\n<p>Redacci\u00f3n\/Zona Roja Cdmx.<\/p>\n\n\n\n<p>Ciudad de M\u00e9xico, a 12 de mayo de 2024.- Manuel Santiago Tun Cen, coordinador de campa\u00f1a del candidato a diputado local por&nbsp;Morena, Alberto Batun Chulim, fue asesinado ayer a balazos en Canc\u00fan, Quintana Roo.<\/p>\n\n\n\n<p>La Fiscal\u00eda de Quintana Roo indic\u00f3 por medio de redes sociales que el asesinato ocurri\u00f3 en las primeras horas de este s\u00e1bado, justo en la supermanzana 519 del municipio de Benito Ju\u00e1rez, donde seg\u00fan testigos de los hechos sujetos armados le dispararon, seg\u00fan informaci\u00f3n del portal L\u00f3pez-D\u00f3riga Digital.<\/p>\n\n\n\n<p>En otro hecho y de acuerdo con el mismo medio informativo, la aspirante del PAN, PRI y PRD a la alcald\u00eda Cuauht\u00e9moc, Alessandra Rojo de la Vega, inform\u00f3 en sus redes sociales que la camioneta en la que viajaba recibi\u00f3 varios disparos.<\/p>\n\n\n\n<p>En su cuenta de X escribi\u00f3: \u201cDenunciaremos este atentado, me quieren callar\u201d.<\/p>\n\n\n\n<p>El mensaje fue difundido la noche de este s\u00e1bado con cuatro fotograf\u00edas de un veh\u00edculo en color negro con varios orificios en puertas, vidrios y carrocer\u00eda.<\/p>\n\n\n\n<p>Por su parte, \u00d3scar Ruiz D\u00edaz, candidato de&nbsp;Morena, PT y Partido Verde a la alcald\u00eda de Metepec, en el Estado de M\u00e9xico, asever\u00f3 que su hijo fue llevado a un hospital tras ser herido de tres balazos presuntamente realizados por polic\u00edas municipales.<\/p>\n\n\n\n<p>Por medio de redes sociales, Ruiz D\u00edaz difundi\u00f3 im\u00e1genes del estado de salud de su hijo, y responsabiliz\u00f3 de esta agresi\u00f3n al alcalde con licencia, Fernando Flores, quien busca la reelecci\u00f3n por la coalici\u00f3n Fuerza y Coraz\u00f3n por Metepec, destaca la informaci\u00f3n de L\u00f3pez-D\u00f3riga Digital.<\/p>\n\n\n\n<p>Mientras tanto en el Estado de M\u00e9xico, dos brigadistas del candidato a la alcald\u00eda por la coalici\u00f3n Morena-PVEM-PT, Gonzalo Alarc\u00f3n B\u00e1rcenas, identificados como Itzel Guadalupe Torres Miranda y Gustavo S\u00e1nchez Vertiz, fueron agredidos a balazos cuando colocaban propaganda electoral en las inmediaciones de un acto de campa\u00f1a del abanderado.<\/p>\n\n\n\n<p>Seg\u00fan el portal digital de \u201cLa Jornada\u201d, Alarc\u00f3n B\u00e1rcenas, en conferencia de prensa, se solidariz\u00f3 con los dos lesionados y sus familias. Inform\u00f3 que por esta agresi\u00f3n suspende sus actos de campa\u00f1a programados este s\u00e1bado y el domingo, \u201chasta que no sepamos las condiciones de salud de nuestros compa\u00f1eros\u201d.<\/p>\n\n\n\n<p>Exigi\u00f3 a la Fiscal\u00eda General de Justicia del Estado de M\u00e9xico (FGJEM) el inmediato esclarecimiento del hecho de violencia que sufrieron sus compa\u00f1eros de partido, \u201cinvestigar los hechos hasta las \u00faltimas consecuencias\u201d, pidi\u00f3.<\/p>\n","protected":false},"excerpt":{"rendered":"<p>Redacci\u00f3n\/Zona Roja Cdmx. Ciudad de M\u00e9xico, a 12 de mayo de 2024.- Manuel Santiago Tun&hellip;<\/p>\n","protected":false},"author":2,"featured_media":66346,"comment_status":"closed","ping_status":"open","sticky":false,"template":"","format":"standard","meta":{"_lmt_disableupdate":"","_lmt_disable":"","_jetpack_memberships_contains_paid_content":false,"footnotes":""},"categories":[109,47],"tags":[2578],"class_list":["post-68275","post","type-post","status-publish","format-standard","has-post-thumbnail","hentry","category-minuto-a-minuto","category-zona-gris","tag-violencia-politica-en-mexico"],"jetpack_featured_media_url":"https:\/\/zonaroja.com.mx\/wp-content\/uploads\/2024\/03\/Violencia-politica-1.jpeg","jetpack_sharing_enabled":true,"_links":{"self":[{"href":"https:\/\/zonaroja.com.mx\/index.php?rest_route=\/wp\/v2\/posts\/68275","targetHints":{"allow":["GET"]}}],"collection":[{"href":"https:\/\/zonaroja.com.mx\/index.php?rest_route=\/wp\/v2\/posts"}],"about":[{"href":"https:\/\/zonaroja.com.mx\/index.php?rest_route=\/wp\/v2\/types\/post"}],"author":[{"embeddable":true,"href":"https:\/\/zonaroja.com.mx\/index.php?rest_route=\/wp\/v2\/users\/2"}],"replies":[{"embeddable":true,"href":"https:\/\/zonaroja.com.mx\/index.php?rest_route=%2Fwp%2Fv2%2Fcomments&post=68275"}],"version-history":[{"count":1,"href":"https:\/\/zonaroja.com.mx\/index.php?rest_route=\/wp\/v2\/posts\/68275\/revisions"}],"predecessor-version":[{"id":68276,"href":"https:\/\/zonaroja.com.mx\/index.php?rest_route=\/wp\/v2\/posts\/68275\/revisions\/68276"}],"wp:featuredmedia":[{"embeddable":true,"href":"https:\/\/zonaroja.com.mx\/index.php?rest_route=\/wp\/v2\/media\/66346"}],"wp:attachment":[{"href":"https:\/\/zonaroja.com.mx\/index.php?rest_route=%2Fwp%2Fv2%2Fmedia&parent=68275"}],"wp:term":[{"taxonomy":"category","embeddable":true,"href":"https:\/\/zonaroja.com.mx\/index.php?rest_route=%2Fwp%2Fv2%2Fcategories&post=68275"},{"taxonomy":"post_tag","embeddable":true,"href":"https:\/\/zonaroja.com.mx\/index.php?rest_route=%2Fwp%2Fv2%2Ftags&post=68275"}],"curies":[{"name":"wp","href":"https:\/\/api.w.org\/{rel}","templated":true}]}}