{"id":68277,"date":"2024-05-12T10:07:00","date_gmt":"2024-05-12T16:07:00","guid":{"rendered":"https:\/\/zonaroja.com.mx\/?p=68277"},"modified":"2024-05-12T14:58:42","modified_gmt":"2024-05-12T20:58:42","slug":"matan-a-un-individuo-en-xoxocotlan-y-a-otro-en-pinotepa","status":"publish","type":"post","link":"https:\/\/zonaroja.com.mx\/?p=68277","title":{"rendered":"Matan a dos individuos en Xoxocotl\u00e1n y a otro en Pinotepa"},"content":{"rendered":"\n<p>Ismael Garc\u00eda M.\/Zona Roja.<\/p>\n\n\n\n<p>Oaxaca de Ju\u00e1rez, Oax., a 12 de mayo de 2024.- Una persona del sexo masculino fue asesinada ayer en Santiago Pinotepa Nacional, municipio de la regi\u00f3n Costa de Oaxaca.<\/p>\n\n\n\n<p>La v\u00edctima fue identificada como Mario T. G., ten\u00eda 27 a\u00f1os de edad, y fue atacada a balazos en la comunidad de Corralero; era de oficio pescador.<\/p>\n\n\n\n<p>Hasta el momento se desconoce el m\u00f3vil del crimen pero ocurri\u00f3 en una ri\u00f1a que se suscit\u00f3 durante una pelea de gallos; tampoco se reportan personas detenidas.<\/p>\n\n\n\n<p>Otro ataque armado ocurri\u00f3 ayer por la noche en Santa Cruz Xoxocotl\u00e1n, en la zona metropolitana de la ciudad de Oaxaca.<\/p>\n\n\n\n<p>Fue en la colonia Ampliaci\u00f3n en que un individuo fue atacado a pu\u00f1aladas, tras lo cual perdi\u00f3 la vida, pero familiares y mototaxistas impidieron las labores policiacas y ministeriales.<\/p>\n\n\n\n<p>Mientras tanto ayer por la tarde falleci\u00f3 en un hospital una persona del sexo masculino atacada a balazos la noche del pasado viernes tambi\u00e9n en Xoxocotl\u00e1n.<\/p>\n\n\n\n<p>La agresi\u00f3n a balazos ocurri\u00f3 en la calle Felipe Carrillo Puerto de la colonia Reforma Agraria, donde la v\u00edctima recibi\u00f3 varios impactos de arma de fuego y fue trasladado a un nosocomio.<\/p>\n\n\n\n<p>Sin embargo, debido a la gravedad de las lesiones, perdi\u00f3 la vida quien en vida respondi\u00f3 al nombre de Gerardo C. R., de 37 a\u00f1os de edad; de este caso tampoco hay personas detenidas.<\/p>\n","protected":false},"excerpt":{"rendered":"<p>Ismael Garc\u00eda M.\/Zona Roja. Oaxaca de Ju\u00e1rez, Oax., a 12 de mayo de 2024.- Una&hellip;<\/p>\n","protected":false},"author":2,"featured_media":68281,"comment_status":"closed","ping_status":"open","sticky":false,"template":"","format":"standard","meta":{"_lmt_disableupdate":"","_lmt_disable":"","_jetpack_memberships_contains_paid_content":false,"footnotes":""},"categories":[109,51],"tags":[916,133],"class_list":["post-68277","post","type-post","status-publish","format-standard","has-post-thumbnail","hentry","category-minuto-a-minuto","category-zona-roja","tag-pinotepa-nacional","tag-santa-cruz-xoxocotlan"],"jetpack_featured_media_url":"https:\/\/zonaroja.com.mx\/wp-content\/uploads\/2024\/05\/Baleado-Santa-CRruz-Xoxocotlan.jpg","jetpack_sharing_enabled":true,"_links":{"self":[{"href":"https:\/\/zonaroja.com.mx\/index.php?rest_route=\/wp\/v2\/posts\/68277","targetHints":{"allow":["GET"]}}],"collection":[{"href":"https:\/\/zonaroja.com.mx\/index.php?rest_route=\/wp\/v2\/posts"}],"about":[{"href":"https:\/\/zonaroja.com.mx\/index.php?rest_route=\/wp\/v2\/types\/post"}],"author":[{"embeddable":true,"href":"https:\/\/zonaroja.com.mx\/index.php?rest_route=\/wp\/v2\/users\/2"}],"replies":[{"embeddable":true,"href":"https:\/\/zonaroja.com.mx\/index.php?rest_route=%2Fwp%2Fv2%2Fcomments&post=68277"}],"version-history":[{"count":2,"href":"https:\/\/zonaroja.com.mx\/index.php?rest_route=\/wp\/v2\/posts\/68277\/revisions"}],"predecessor-version":[{"id":68297,"href":"https:\/\/zonaroja.com.mx\/index.php?rest_route=\/wp\/v2\/posts\/68277\/revisions\/68297"}],"wp:featuredmedia":[{"embeddable":true,"href":"https:\/\/zonaroja.com.mx\/index.php?rest_route=\/wp\/v2\/media\/68281"}],"wp:attachment":[{"href":"https:\/\/zonaroja.com.mx\/index.php?rest_route=%2Fwp%2Fv2%2Fmedia&parent=68277"}],"wp:term":[{"taxonomy":"category","embeddable":true,"href":"https:\/\/zonaroja.com.mx\/index.php?rest_route=%2Fwp%2Fv2%2Fcategories&post=68277"},{"taxonomy":"post_tag","embeddable":true,"href":"https:\/\/zonaroja.com.mx\/index.php?rest_route=%2Fwp%2Fv2%2Ftags&post=68277"}],"curies":[{"name":"wp","href":"https:\/\/api.w.org\/{rel}","templated":true}]}}