{"id":6828,"date":"2019-12-20T19:02:15","date_gmt":"2019-12-21T01:02:15","guid":{"rendered":"https:\/\/www.zonaroja.com.mx\/?p=6828"},"modified":"2019-12-20T19:02:17","modified_gmt":"2019-12-21T01:02:17","slug":"oaxaca-segundo-lugar-nacional-por-homicidios-con-11-el-jueves","status":"publish","type":"post","link":"https:\/\/zonaroja.com.mx\/?p=6828","title":{"rendered":"Oaxaca, segundo lugar nacional por homicidios, con 11, el jueves"},"content":{"rendered":"\n<p>Redacci\u00f3n\/Zona Roja.<\/p>\n\n\n\n<p>Oaxaca de Ju\u00e1rez, Oax.-, 20 de diciembre de 2019.- El estado de Oaxaca ocup\u00f3 el segundo lugar a nivel nacional en asesinatos durante este jueves, de acuerdo con el listado del Secretariado Ejecutivo del Sistema Nacional de Seguridad P\u00fablica, al sumar 11 cr\u00edmenes despu\u00e9s del primer lugar, que fue el estado de Guanajuato con 12 homicidios dolosos.<br> De los 94 cr\u00edmenes ocurridos en el pa\u00eds, Guanajuato, Oaxaca, Estado de M\u00e9xico con 10, Veracruz con siete y Puebla con cinco, fueron los estados con m\u00e1s asesinatos.<br>Entre los cr\u00edmenes se encuentran el ocurrido en la ciudad capital, donde un doctor fue utilizado cuando iba a ser secuestrado en la calle de Crespo, en el centro de la ciudad capital.<br>El M\u00e9dico Cirujano Enrique D\u00edaz Carmona fue asesinado a balazos por sujetos que utilizaron un autom\u00f3vil Volkswagen tipo Jetta con placas de circulaci\u00f3n TLF-7800 del estado que previamente hab\u00edan robado en la calle de Camino Nacional o avenida L\u00e1zaro C\u00e1rdenas en Santa Luc\u00eda del Camino.<br>Tras el crimen, la unidad de motor fue abandonada frente a una funeraria en la calle de Alcal\u00e1 del centro de la ciudad.<br>Otros asesinatos fueron en Jalapa de D\u00edaz, Tuxtepec, Huautla de Jim\u00e9nez en la regi\u00f3n de la Ca\u00f1ada, el crimen en Huajuapan de Le\u00f2n, en Salina Cruz y Santiago Amoltepec, donde dos personas fueron privadas de la vida.<br> Asimismo, una mujer fue ejecutada en la comunidad de Las Flores perteneciente a Mesones Hidalgo perteneciente a Putla de Guerrero. La polic\u00eda municipal arrest\u00f3 a un sospechoso, que qued\u00f3 a disposici\u00f3n del agente del Ministerio P\u00fablico.<\/p>\n","protected":false},"excerpt":{"rendered":"<p>Redacci\u00f3n\/Zona Roja. Oaxaca de Ju\u00e1rez, Oax.-, 20 de diciembre de 2019.- El estado de Oaxaca&hellip;<\/p>\n","protected":false},"author":2,"featured_media":6827,"comment_status":"closed","ping_status":"open","sticky":false,"template":"","format":"standard","meta":{"_lmt_disableupdate":"","_lmt_disable":"","_jetpack_memberships_contains_paid_content":false,"footnotes":""},"categories":[109,51],"tags":[],"class_list":["post-6828","post","type-post","status-publish","format-standard","has-post-thumbnail","hentry","category-minuto-a-minuto","category-zona-roja"],"jetpack_featured_media_url":"https:\/\/zonaroja.com.mx\/wp-content\/uploads\/2019\/12\/6d33e3d9-6b85-4677-bef9-147190cd5e63.jpg","jetpack_sharing_enabled":true,"_links":{"self":[{"href":"https:\/\/zonaroja.com.mx\/index.php?rest_route=\/wp\/v2\/posts\/6828","targetHints":{"allow":["GET"]}}],"collection":[{"href":"https:\/\/zonaroja.com.mx\/index.php?rest_route=\/wp\/v2\/posts"}],"about":[{"href":"https:\/\/zonaroja.com.mx\/index.php?rest_route=\/wp\/v2\/types\/post"}],"author":[{"embeddable":true,"href":"https:\/\/zonaroja.com.mx\/index.php?rest_route=\/wp\/v2\/users\/2"}],"replies":[{"embeddable":true,"href":"https:\/\/zonaroja.com.mx\/index.php?rest_route=%2Fwp%2Fv2%2Fcomments&post=6828"}],"version-history":[{"count":1,"href":"https:\/\/zonaroja.com.mx\/index.php?rest_route=\/wp\/v2\/posts\/6828\/revisions"}],"predecessor-version":[{"id":6829,"href":"https:\/\/zonaroja.com.mx\/index.php?rest_route=\/wp\/v2\/posts\/6828\/revisions\/6829"}],"wp:featuredmedia":[{"embeddable":true,"href":"https:\/\/zonaroja.com.mx\/index.php?rest_route=\/wp\/v2\/media\/6827"}],"wp:attachment":[{"href":"https:\/\/zonaroja.com.mx\/index.php?rest_route=%2Fwp%2Fv2%2Fmedia&parent=6828"}],"wp:term":[{"taxonomy":"category","embeddable":true,"href":"https:\/\/zonaroja.com.mx\/index.php?rest_route=%2Fwp%2Fv2%2Fcategories&post=6828"},{"taxonomy":"post_tag","embeddable":true,"href":"https:\/\/zonaroja.com.mx\/index.php?rest_route=%2Fwp%2Fv2%2Ftags&post=6828"}],"curies":[{"name":"wp","href":"https:\/\/api.w.org\/{rel}","templated":true}]}}