{"id":68293,"date":"2024-05-12T10:41:00","date_gmt":"2024-05-12T16:41:00","guid":{"rendered":"https:\/\/zonaroja.com.mx\/?p=68293"},"modified":"2024-05-12T07:44:26","modified_gmt":"2024-05-12T13:44:26","slug":"en-balance-martinez-neri-se-muestra-optimista-con-el-triunfo","status":"publish","type":"post","link":"https:\/\/zonaroja.com.mx\/?p=68293","title":{"rendered":"En balance, Mart\u00ednez Neri se muestra optimista con el triunfo"},"content":{"rendered":"\n<p>Redacci\u00f3n\/Zona Roja.<\/p>\n\n\n\n<p>Oaxaca de Ju\u00e1rez, Oax., a 12 de mayo de 2024.- Al hacer un balance a 12 d\u00edas del arranque de las campa\u00f1as a presidente municipal, el candidato de Morena, Francisco Mart\u00ednez Neri, se mostr\u00f3 optimista por las muestras de cari\u00f1o, empat\u00eda y aceptaci\u00f3n que le han mostrado las familias capitalinas.&nbsp;<\/p>\n\n\n\n<p>\u201cA estos momentos podemos hacer un corte muy optimista de las cosas tal y como se ha realizado, hemos recibido el respaldo y apoyo de las personas en todas las agencias y colonias\u201d, expuso con el acompa\u00f1amiento del coordinador de campa\u00f1a, Amador Jara Cruz.&nbsp;<\/p>\n\n\n\n<p>En conferencia de prensa de este s\u00e1bado, Mart\u00ednez Neri abund\u00f3 que la inclusi\u00f3n representa un elemento central en la que se basar\u00e1n las pol\u00edticas p\u00fablicas que buscan la consolidaci\u00f3n de la transformaci\u00f3n de la capital oaxaque\u00f1a.<\/p>\n\n\n\n<p>Subray\u00f3 que mantendr\u00e1 los recorridos, reuniones y encuentros vecinales para que m\u00e1s sectores se sumen a los 8 ejes tem\u00e1ticos que se promueven en campa\u00f1a.\u00a0<\/p>\n\n\n\n<figure class=\"wp-block-embed is-type-rich is-provider-twitter wp-block-embed-twitter\"><div class=\"wp-block-embed__wrapper\">\n<div class=\"twitter-tweet\"><blockquote class=\"twitter-tweet\" data-lang=\"es\"><p lang=\"es\" dir=\"ltr\">Este mediod\u00eda, el edil con licencia del <a href=\"https:\/\/twitter.com\/MunicipioOaxaca?ref_src=twsrc%5Etfw\">@MunicipioOaxaca<\/a>, <a href=\"https:\/\/twitter.com\/FMartinezNeri?ref_src=twsrc%5Etfw\">@FMartinezNeri<\/a>, dio una conferencia de prensa en la que augur\u00f3 su triunfo el pr\u00f3ximo 2 de junio. <br>Hizo tambi\u00e9n un balance de su campa\u00f1a pol\u00edtica en busca de la reelecci\u00f3n como presidente municipal.<br>Escuche: <a href=\"https:\/\/t.co\/tnOw5Xpv0a\">pic.twitter.com\/tnOw5Xpv0a<\/a><\/p>&mdash; Zona Roja Oaxaca (@ZonaRoja_Oaxaca) <a href=\"https:\/\/twitter.com\/ZonaRoja_Oaxaca\/status\/1789424459553681772?ref_src=twsrc%5Etfw\">11 de mayo de 2024<\/a><\/blockquote><\/div>\n<\/div><\/figure>\n\n\n\n<p>Los ejes son: 1 ) servir al pueblo con transparencia, honradez y eficacia; 2) municipio seguro; 3) primero las mujeres; 4) bienestar social para todas las personas; 5) obras para el bienestar; 6) modernizaci\u00f3n de servicios p\u00fablicos; 7) municipio sustentable y limpio y; 8) municipio incluyente.&nbsp;<\/p>\n\n\n\n<p>\u201cEstamos por encima de cualquier otro candidato, lo hemos visto de manera general en estos d\u00edas\u201d, enfatiz\u00f3 el candidato de Morena&nbsp;<\/p>\n\n\n\n<p>Abon\u00f3 que los recorridos en agencias y colonias de la ciudad capital le han permitido conocer las necesidades m\u00e1s apremiantes que actualmente se presentan, como lo son la falta de agua, m\u00e1s obras de infraestructura, seguridad, entre otros.&nbsp;<\/p>\n\n\n\n<p>\u201cNos han planteado sus inquietudes y sin duda tienen esperanzas en que estos procesos de transformaci\u00f3n sigan d\u00e1ndose y que se den al amparo de un partido que es muy querido por el pueblo mexicano y que est\u00e1 enarbolando un trabajo serio y honesto\u201d, asent\u00f3.&nbsp;<\/p>\n\n\n\n<p>Por \u00faltimo, Francisco Mart\u00ednez Neri resalt\u00f3 la vinculaci\u00f3n que se ha venido dando con agrupaciones empresariales, profesionales, universitarias, sindicalizadas, entre otras, mismas que se han sumado a la continuidad para la consolidaci\u00f3n de la transformaci\u00f3n de Oaxaca de Ju\u00e1rez.<\/p>\n","protected":false},"excerpt":{"rendered":"<p>Redacci\u00f3n\/Zona Roja. Oaxaca de Ju\u00e1rez, Oax., a 12 de mayo de 2024.- Al hacer un&hellip;<\/p>\n","protected":false},"author":2,"featured_media":68279,"comment_status":"closed","ping_status":"open","sticky":false,"template":"","format":"standard","meta":{"_lmt_disableupdate":"","_lmt_disable":"","_jetpack_memberships_contains_paid_content":false,"footnotes":""},"categories":[109,46],"tags":[2418],"class_list":["post-68293","post","type-post","status-publish","format-standard","has-post-thumbnail","hentry","category-minuto-a-minuto","category-zona-blanca","tag-francisco-martinez-neri"],"jetpack_featured_media_url":"https:\/\/zonaroja.com.mx\/wp-content\/uploads\/2024\/05\/Conferencia-Francisco-Martinez-Neri.jpg","jetpack_sharing_enabled":true,"_links":{"self":[{"href":"https:\/\/zonaroja.com.mx\/index.php?rest_route=\/wp\/v2\/posts\/68293","targetHints":{"allow":["GET"]}}],"collection":[{"href":"https:\/\/zonaroja.com.mx\/index.php?rest_route=\/wp\/v2\/posts"}],"about":[{"href":"https:\/\/zonaroja.com.mx\/index.php?rest_route=\/wp\/v2\/types\/post"}],"author":[{"embeddable":true,"href":"https:\/\/zonaroja.com.mx\/index.php?rest_route=\/wp\/v2\/users\/2"}],"replies":[{"embeddable":true,"href":"https:\/\/zonaroja.com.mx\/index.php?rest_route=%2Fwp%2Fv2%2Fcomments&post=68293"}],"version-history":[{"count":1,"href":"https:\/\/zonaroja.com.mx\/index.php?rest_route=\/wp\/v2\/posts\/68293\/revisions"}],"predecessor-version":[{"id":68294,"href":"https:\/\/zonaroja.com.mx\/index.php?rest_route=\/wp\/v2\/posts\/68293\/revisions\/68294"}],"wp:featuredmedia":[{"embeddable":true,"href":"https:\/\/zonaroja.com.mx\/index.php?rest_route=\/wp\/v2\/media\/68279"}],"wp:attachment":[{"href":"https:\/\/zonaroja.com.mx\/index.php?rest_route=%2Fwp%2Fv2%2Fmedia&parent=68293"}],"wp:term":[{"taxonomy":"category","embeddable":true,"href":"https:\/\/zonaroja.com.mx\/index.php?rest_route=%2Fwp%2Fv2%2Fcategories&post=68293"},{"taxonomy":"post_tag","embeddable":true,"href":"https:\/\/zonaroja.com.mx\/index.php?rest_route=%2Fwp%2Fv2%2Ftags&post=68293"}],"curies":[{"name":"wp","href":"https:\/\/api.w.org\/{rel}","templated":true}]}}