{"id":68295,"date":"2024-05-12T12:46:00","date_gmt":"2024-05-12T18:46:00","guid":{"rendered":"https:\/\/zonaroja.com.mx\/?p=68295"},"modified":"2024-05-12T07:46:47","modified_gmt":"2024-05-12T13:46:47","slug":"presenta-luisa-cortes-en-debate-propuestas-firmes-va-rumbo-al-senado","status":"publish","type":"post","link":"https:\/\/zonaroja.com.mx\/?p=68295","title":{"rendered":"Presenta Luisa Cort\u00e9s en debate propuestas firmes; va rumbo al Senado"},"content":{"rendered":"\n<p>Redacci\u00f3n\/Zona Roja.<\/p>\n\n\n\n<p>Oaxaca de Ju\u00e1rez, Oax., a 12 de mayo de 2024.- La candidata al Senado de la Rep\u00fablica por el partido Morena, Luisa Cort\u00e9s Garc\u00eda, triunf\u00f3 en el debate organizado por el Instituto Nacional Electoral (INE) en el estado de Oaxaca, donde se abordaron propuestas en materia de Econom\u00eda, Empleo y Vivienda; Educaci\u00f3n y Seguridad.<\/p>\n\n\n\n<p>Siendo la primera Presidenta Estatal de Morena en Oaxaca, Luisa Cort\u00e9s Garc\u00eda demostr\u00f3 su experiencia, conocimiento y fortaleza que caracteriza a los representantes de la Cuarta Transformaci\u00f3n, esto, sin olvidar sus or\u00edgenes y el servicio al pueblo oaxaque\u00f1o.<\/p>\n\n\n\n<p>En primera instancia, la candidata de Morena asegur\u00f3 que desde el Senado, seguir\u00e1 apoyando a las y los oaxaque\u00f1os que trabajan en la tierra y sus riquezas, para que no exista la necesidad de emigrar a otros estados o incluso a otro pa\u00eds; la generaci\u00f3n de empleos, fortalecimiento del campo, as\u00ed como el programa \u201cSembrando Vida\u201d, ser\u00e1n los ejes principales para aminorar la migraci\u00f3n de las y los paisanos.<\/p>\n\n\n\n<p>Rescatar la cultura de los pueblos originarios se lograr\u00e1 con la defensa de las lenguas ind\u00edgenas, que engloban la identidad y la historia de las comunidades; por ello, Luisa Cort\u00e9s propuso fortalecer el rescate de las lenguas originarias, ya que son una prioridad para el movimiento de la Cuarta Transformaci\u00f3n.<\/p>\n\n\n\n<p>Durante el abordaje del tema de Seguridad, Luisa Cort\u00e9s Garc\u00eda propuso continuar darle facultades a la Guardia Nacional como primer respondiente a cualquier acto delictivo en el pa\u00eds, para as\u00ed disminuir los procesos impuestos por los gobiernos neoliberales y que solo han entorpecido la implementaci\u00f3n de justicia con debido derecho.<\/p>\n\n\n\n<p>Adem\u00e1s, la candidata de Morena asegur\u00f3 defender la iniciativa del presidente Andr\u00e9s Manuel L\u00f3pez Obrador para enaltecer los valores y principios de la Secretar\u00eda de la Defensa Nacional dentro de la Guardia Nacional, por lo que es necesaria su incorporaci\u00f3n a la Sedena, lo que no ha podido avanzar porque a la derecha no le conviene.<\/p>\n\n\n\n<p>Para la defensa del medio ambiente, la candidata Luisa Cort\u00e9s propuso promover leyes para que los comisariados tengan los recursos necesarios para ser los primeros defendientes de los bosques y selvas, as\u00ed como una pol\u00edtica para el rescate de los r\u00edos contaminados y para darle fin a la problem\u00e1tica de la basura.<\/p>\n\n\n\n<p>Por otro lado, la candidata al Senado de la Rep\u00fablica asegur\u00f3 que defender\u00e1 la iniciativa del presidente Andr\u00e9s Manuel L\u00f3pez Obrador para que se eliminen las diputaciones y senadur\u00edas plurinominales, para que as\u00ed exista un Poder Legislativo elegido enteramente por el pueblo y sin beneficios para quienes no trabajan a favor de la ciudadan\u00eda.<\/p>\n\n\n\n<p>En este mismo sentido, Luisa Cort\u00e9s se sumar\u00e1 al trabajo para que el Poder Judicial se conforme con la voz del pueblo, porque al final, son las y los ciudadanos quienes exigen una impartici\u00f3n de justicia de forma equitativa, imparcial y transparente, ya que hoy en d\u00eda solo existe un Poder Judicial a modo, lleno de corrupci\u00f3n y sin servicio a la gente.<\/p>\n\n\n\n<p>Por otro lado, declar\u00f3 que fue algo acertado la desaparici\u00f3n del Fonden y otros programas que solo serv\u00edan para el desv\u00edo de recursos; gracias a Morena, dijo, ese recurso se entrega de manera directa y transparente a las y los beneficiados, y se demuestra que la Cuarta Transformaci\u00f3n lleg\u00f3 para que el dinero se aplique donde se debe aplicar, y prueba de ello son los caminos rurales que se han construido hasta ahora en Oaxaca y todo el pa\u00eds.<\/p>\n\n\n\n<p>\u201cEl 2 de junio los esperamos con su voto por Morena, porque vale la pena seguir construyendo juntas y juntos ese segundo piso de la Cuarta Transformaci\u00f3n con nuestra compa\u00f1era Claudia Sheinbaum, y vamos por la carretera de Guerrero a Salina Cruz, la carretera de Oaxaca a Tuxtepec\u201d, resalt\u00f3 Cort\u00e9s Garc\u00eda.<\/p>\n\n\n\n<p>Finalmente, Luisa Cort\u00e9s se comprometi\u00f3 a trabajar desde el Senado para fortalecer todos los megaproyectos como el Corredor Interoce\u00e1nico, la Refiner\u00eda de Dos Bocas, el Tren Maya, \u201cvamos a seguir fortaleciendo el programa de adultos mayores, y para que las ni\u00f1as y ni\u00f1os tengan su beca, y a seguir construyendo m\u00e1s universidades para que ning\u00fan joven se quede sin estudiar\u201d.<\/p>\n","protected":false},"excerpt":{"rendered":"<p>Redacci\u00f3n\/Zona Roja. Oaxaca de Ju\u00e1rez, Oax., a 12 de mayo de 2024.- La candidata al&hellip;<\/p>\n","protected":false},"author":2,"featured_media":68280,"comment_status":"closed","ping_status":"open","sticky":false,"template":"","format":"standard","meta":{"_lmt_disableupdate":"","_lmt_disable":"","_jetpack_memberships_contains_paid_content":false,"footnotes":""},"categories":[109,46],"tags":[3827],"class_list":["post-68295","post","type-post","status-publish","format-standard","has-post-thumbnail","hentry","category-minuto-a-minuto","category-zona-blanca","tag-luisa-cortes-garcia"],"jetpack_featured_media_url":"https:\/\/zonaroja.com.mx\/wp-content\/uploads\/2024\/05\/Luisa-Cortes-Garcia.jpg","jetpack_sharing_enabled":true,"_links":{"self":[{"href":"https:\/\/zonaroja.com.mx\/index.php?rest_route=\/wp\/v2\/posts\/68295","targetHints":{"allow":["GET"]}}],"collection":[{"href":"https:\/\/zonaroja.com.mx\/index.php?rest_route=\/wp\/v2\/posts"}],"about":[{"href":"https:\/\/zonaroja.com.mx\/index.php?rest_route=\/wp\/v2\/types\/post"}],"author":[{"embeddable":true,"href":"https:\/\/zonaroja.com.mx\/index.php?rest_route=\/wp\/v2\/users\/2"}],"replies":[{"embeddable":true,"href":"https:\/\/zonaroja.com.mx\/index.php?rest_route=%2Fwp%2Fv2%2Fcomments&post=68295"}],"version-history":[{"count":1,"href":"https:\/\/zonaroja.com.mx\/index.php?rest_route=\/wp\/v2\/posts\/68295\/revisions"}],"predecessor-version":[{"id":68296,"href":"https:\/\/zonaroja.com.mx\/index.php?rest_route=\/wp\/v2\/posts\/68295\/revisions\/68296"}],"wp:featuredmedia":[{"embeddable":true,"href":"https:\/\/zonaroja.com.mx\/index.php?rest_route=\/wp\/v2\/media\/68280"}],"wp:attachment":[{"href":"https:\/\/zonaroja.com.mx\/index.php?rest_route=%2Fwp%2Fv2%2Fmedia&parent=68295"}],"wp:term":[{"taxonomy":"category","embeddable":true,"href":"https:\/\/zonaroja.com.mx\/index.php?rest_route=%2Fwp%2Fv2%2Fcategories&post=68295"},{"taxonomy":"post_tag","embeddable":true,"href":"https:\/\/zonaroja.com.mx\/index.php?rest_route=%2Fwp%2Fv2%2Ftags&post=68295"}],"curies":[{"name":"wp","href":"https:\/\/api.w.org\/{rel}","templated":true}]}}