{"id":68298,"date":"2024-05-12T19:17:02","date_gmt":"2024-05-13T01:17:02","guid":{"rendered":"https:\/\/zonaroja.com.mx\/?p=68298"},"modified":"2024-05-12T19:17:03","modified_gmt":"2024-05-13T01:17:03","slug":"inundaciones-en-afganistan-dejan-al-menos-311-muertos","status":"publish","type":"post","link":"https:\/\/zonaroja.com.mx\/?p=68298","title":{"rendered":"Inundaciones en Afganist\u00e1n dejan al menos 311 muertos"},"content":{"rendered":"\n<p>Redacci\u00f3n\/Zona Roja Cdmx.<\/p>\n\n\n\n<p>Ciudad de M\u00e9xico, a 12 de mayo de 2024.- Unas inundaciones s\u00fabitas en la provincia de Baghlan, en el noreste de Afganist\u00e1n, causaron al menos 311 muertos, seg\u00fan un balance provisional comunicado el s\u00e1bado (11.05.2024) a la AFP por el Programa Mundial de Alimentos (PMA).&nbsp;<\/p>\n\n\n\n<p>Poco antes, la Organizaci\u00f3n Internacional para las Migraciones (OIM), otra agencia de la ONU, daba cuenta de m\u00e1s de 200 muertos en estas inundaciones catastr\u00f3ficas ocurridas el viernes.<\/p>\n\n\n\n<p>\u00abInundaciones repentinas asolan Afganist\u00e1n, matando a m\u00e1s de 300 personas en Baghlan y destruyendo m\u00e1s de 1000 casas\u00bb, indic\u00f3 la PMA previamente, que atribuy\u00f3 el desastre natural a unas lluvias \u00abinusualmente\u00bb fuertes en las \u00faltimas semanas y afirm\u00f3 estar repartiendo alimentos a los supervivientes.<\/p>\n\n\n\n<p>El gobierno interino de los talibanes, que inicialmente hab\u00eda informado de 62 muertos, tambi\u00e9n revis\u00f3 al alza la cifra, pero contabiliza la mitad de fallecidos que los organismos internacionales.&nbsp;<\/p>\n\n\n\n<p>\u00abEl n\u00famero de v\u00edctimas es alto aunque, hasta ahora y en base a la informaci\u00f3n inicial, 153 personas han muerto y cientos han resultado heridas, aunque los muertos podr\u00edan aumentar\u00bb, dijo a EFE el portavoz del Ministerio del Interior afgano, Abdul Mateen Qani.<\/p>\n\n\n\n<p>Seg\u00fan los datos proporcionados por los talibanes, 131 personas fallecieron en Baghlan, 21 en la vecina Takhar y otros 2 en Badakhshan. El Ministerio de Gesti\u00f3n de Desastres afgano tambi\u00e9n indic\u00f3 que las provincias de Samangan, Faryab, Herat o Ghor resultaron igualmente afectadas, aunque no revel\u00f3 datos del n\u00famero de fallecidos.<\/p>\n\n\n\n<p>El pa\u00eds asi\u00e1tico es uno de los m\u00e1s vulnerables del mundo al cambio clim\u00e1tico y el menos preparado para adaptarse, de acuerdo con un informe de la Oficina de las Naciones Unidas para la Coordinaci\u00f3n de Asuntos Humanitarios (OCHA) y ya sufri\u00f3 inundaciones mortales&nbsp;el mes pasado, as\u00ed como en 2023 y en a\u00f1os anteriores. A la vulnerable situaci\u00f3n se suma la interrupci\u00f3n de buena parte de las ayudas internacionales y la congelaci\u00f3n de los fondos del pa\u00eds, despu\u00e9s de que los talibanes se hicieron con el poder en agosto de 2021.<\/p>\n","protected":false},"excerpt":{"rendered":"<p>Redacci\u00f3n\/Zona Roja Cdmx. Ciudad de M\u00e9xico, a 12 de mayo de 2024.- Unas inundaciones s\u00fabitas&hellip;<\/p>\n","protected":false},"author":2,"featured_media":68299,"comment_status":"closed","ping_status":"open","sticky":false,"template":"","format":"standard","meta":{"_lmt_disableupdate":"","_lmt_disable":"","_jetpack_memberships_contains_paid_content":false,"footnotes":""},"categories":[109,47],"tags":[3698],"class_list":["post-68298","post","type-post","status-publish","format-standard","has-post-thumbnail","hentry","category-minuto-a-minuto","category-zona-gris","tag-afganistan"],"jetpack_featured_media_url":"https:\/\/zonaroja.com.mx\/wp-content\/uploads\/2024\/05\/Inundaciones-Afganistan.jpeg","jetpack_sharing_enabled":true,"_links":{"self":[{"href":"https:\/\/zonaroja.com.mx\/index.php?rest_route=\/wp\/v2\/posts\/68298","targetHints":{"allow":["GET"]}}],"collection":[{"href":"https:\/\/zonaroja.com.mx\/index.php?rest_route=\/wp\/v2\/posts"}],"about":[{"href":"https:\/\/zonaroja.com.mx\/index.php?rest_route=\/wp\/v2\/types\/post"}],"author":[{"embeddable":true,"href":"https:\/\/zonaroja.com.mx\/index.php?rest_route=\/wp\/v2\/users\/2"}],"replies":[{"embeddable":true,"href":"https:\/\/zonaroja.com.mx\/index.php?rest_route=%2Fwp%2Fv2%2Fcomments&post=68298"}],"version-history":[{"count":1,"href":"https:\/\/zonaroja.com.mx\/index.php?rest_route=\/wp\/v2\/posts\/68298\/revisions"}],"predecessor-version":[{"id":68300,"href":"https:\/\/zonaroja.com.mx\/index.php?rest_route=\/wp\/v2\/posts\/68298\/revisions\/68300"}],"wp:featuredmedia":[{"embeddable":true,"href":"https:\/\/zonaroja.com.mx\/index.php?rest_route=\/wp\/v2\/media\/68299"}],"wp:attachment":[{"href":"https:\/\/zonaroja.com.mx\/index.php?rest_route=%2Fwp%2Fv2%2Fmedia&parent=68298"}],"wp:term":[{"taxonomy":"category","embeddable":true,"href":"https:\/\/zonaroja.com.mx\/index.php?rest_route=%2Fwp%2Fv2%2Fcategories&post=68298"},{"taxonomy":"post_tag","embeddable":true,"href":"https:\/\/zonaroja.com.mx\/index.php?rest_route=%2Fwp%2Fv2%2Ftags&post=68298"}],"curies":[{"name":"wp","href":"https:\/\/api.w.org\/{rel}","templated":true}]}}