{"id":6830,"date":"2019-12-20T21:09:29","date_gmt":"2019-12-21T03:09:29","guid":{"rendered":"http:\/\/www.zonaroja.com.mx\/?p=6830"},"modified":"2019-12-20T21:09:32","modified_gmt":"2019-12-21T03:09:32","slug":"promueven-amparo-contra-secretaria-de-las-culturas-por-inventario-patrimonial","status":"publish","type":"post","link":"https:\/\/zonaroja.com.mx\/?p=6830","title":{"rendered":"Promueven amparo contra Secretar\u00eda de las Culturas por inventario patrimonial"},"content":{"rendered":"\n<p>Redacci\u00f3n\/Zona\nRoja.<\/p>\n\n\n\n<p>Oaxaca de\nJu\u00e1rez, Oax., 20 de diciembre de 2019.- Con la finalidad de impedir que los\nplagios de empresas nacionales y transnacionales sigan afectando a las\ncomunidades ind\u00edgenas en Oaxaca, la asociaci\u00f3n civil Litigio Estrat\u00e9gico\npromueve un amparo en contra de la Secretar\u00eda de las Culturas y las Artes, que\npermita la construcci\u00f3n de un inventario del patrimonio cultural.<\/p>\n\n\n\n<p>De\nacuerdo con la vicepresidenta de la organizaci\u00f3n, Mariana Y\u00e1\u00f1ez Unda, la\nausencia de este instrumento ha provocado que los pueblos y comunidades\nind\u00edgenas se encuentren indefensas ante este tipo de acciones que cada vez se\nhacen m\u00e1s recurrentes en perjuicio de las y los oaxaque\u00f1os.<\/p>\n\n\n\n<p>Explic\u00f3\nque el juicio de amparo que se encuentra en su etapa inicial ante el juzgado\nd\u00e9cimo de Distrito en el Estado de Oaxaca, es respaldado por lo expuesto la\nConvenci\u00f3n para la Salvaguardia del Patrimonio Cultural Inmaterial 2003 emitida\npor la UNESCO en Par\u00eds en 2003, y se espera sea resuelto en los pr\u00f3ximos d\u00edas. <\/p>\n\n\n\n<p>\u201cEl\nEstado de Oaxaca tiene el deber de construir uno o varios inventarios del\npatrimonio cultural inmaterial en virtud de que M\u00e9xico suscribi\u00f3 la Convenci\u00f3n\nde Salvaguardia&nbsp; bajo la presidencia de\nVicente Fox\u201d, cita el documento difundido por la organizaci\u00f3n.<\/p>\n\n\n\n<p>Y\u00e1\u00f1ez\nUnda detall\u00f3 que cuando existe un caso de apropiaci\u00f3n indebida del patrimonio\ncultural inmaterial de los pueblos y comunidades ind\u00edgenas la primera\ndificultad a la que se enfrentan las personas ind\u00edgenas es que no tienen\nmecanismos para acreditar que la prenda, bordados, icnonograf\u00edas o dise\u00f1os\npertenecen a su pueblo, por eso es necesario, crear uno o varios inventarios de\npatrimonio cultural inmaterial en el que los pueblos registren sus\nmanifestaciones culturales.<\/p>\n\n\n\n<p>Por lo\nanterior promovieron la demanda de amparo que actualmente conoce el Poder\nJudicial de la Federaci\u00f3n, siendo el promovente un artesano ceramista de barro\nde San Bartolo Coyotepec, con base en el Art\u00edculo 12 del Convenci\u00f3n para la\nSalvaguardia del Patrimonio Cultural Inmaterial 2003 que cita: <\/p>\n\n\n\n<p>\u201cPara\nasegurar la identificaci\u00f3n con fines de salvaguardia, cada Estado Parte\nconfeccionar\u00e1 con arreglo a su propia situaci\u00f3n uno o varios inventarios del\npatrimonio cultural inmaterial presente en su territorio. Dichos inventarios se\nactualizar\u00e1n regularmente\u201d. <\/p>\n\n\n\n<p>En julio\npasado en el marco del primer Lunes del Cerro de la Guelaguetza 2019, la\nsecretaria federal de Cultura, Alejandra Frausto; el secretario de Turismo,\nMiguel Torruco, y la senadora oaxaque\u00f1a Susana Harp, portaron pancartas con las\nleyendas #M\u00e9xicoSinPlagioDeTextiles, #DefiendoElArteMexicano, #ElOrigenS\u00edCuenta\ny #OrgulloOaxaque\u00f1o, con el fin de captar la atenci\u00f3n internacional hacia este\ndelito.<\/p>\n\n\n\n<p>En esas\nmismas fechas se denunci\u00f3 que el plagio de textiles ha sido uno de los delitos\nque m\u00e1s ha aumentado en los \u00faltimos&nbsp;\na\u00f1os, comunidades de la Sierra Norte y Cuenca hicieron evidente lo\nanterior denunciando a empresas nacionales y extranjeras de realizar estas\npr\u00e1cticas desleales con la poblaci\u00f3n oaxaque\u00f1a. <\/p>\n","protected":false},"excerpt":{"rendered":"<p>Redacci\u00f3n\/Zona Roja. Oaxaca de Ju\u00e1rez, Oax., 20 de diciembre de 2019.- Con la finalidad de&hellip;<\/p>\n","protected":false},"author":2,"featured_media":6831,"comment_status":"closed","ping_status":"open","sticky":false,"template":"","format":"standard","meta":{"_lmt_disableupdate":"","_lmt_disable":"","_jetpack_memberships_contains_paid_content":false,"footnotes":""},"categories":[109,46],"tags":[897],"class_list":["post-6830","post","type-post","status-publish","format-standard","has-post-thumbnail","hentry","category-minuto-a-minuto","category-zona-blanca","tag-litigio-estrategico-indigena"],"jetpack_featured_media_url":"https:\/\/zonaroja.com.mx\/wp-content\/uploads\/2019\/12\/artesan\u00edas.jpg","jetpack_sharing_enabled":true,"_links":{"self":[{"href":"https:\/\/zonaroja.com.mx\/index.php?rest_route=\/wp\/v2\/posts\/6830","targetHints":{"allow":["GET"]}}],"collection":[{"href":"https:\/\/zonaroja.com.mx\/index.php?rest_route=\/wp\/v2\/posts"}],"about":[{"href":"https:\/\/zonaroja.com.mx\/index.php?rest_route=\/wp\/v2\/types\/post"}],"author":[{"embeddable":true,"href":"https:\/\/zonaroja.com.mx\/index.php?rest_route=\/wp\/v2\/users\/2"}],"replies":[{"embeddable":true,"href":"https:\/\/zonaroja.com.mx\/index.php?rest_route=%2Fwp%2Fv2%2Fcomments&post=6830"}],"version-history":[{"count":1,"href":"https:\/\/zonaroja.com.mx\/index.php?rest_route=\/wp\/v2\/posts\/6830\/revisions"}],"predecessor-version":[{"id":6832,"href":"https:\/\/zonaroja.com.mx\/index.php?rest_route=\/wp\/v2\/posts\/6830\/revisions\/6832"}],"wp:featuredmedia":[{"embeddable":true,"href":"https:\/\/zonaroja.com.mx\/index.php?rest_route=\/wp\/v2\/media\/6831"}],"wp:attachment":[{"href":"https:\/\/zonaroja.com.mx\/index.php?rest_route=%2Fwp%2Fv2%2Fmedia&parent=6830"}],"wp:term":[{"taxonomy":"category","embeddable":true,"href":"https:\/\/zonaroja.com.mx\/index.php?rest_route=%2Fwp%2Fv2%2Fcategories&post=6830"},{"taxonomy":"post_tag","embeddable":true,"href":"https:\/\/zonaroja.com.mx\/index.php?rest_route=%2Fwp%2Fv2%2Ftags&post=6830"}],"curies":[{"name":"wp","href":"https:\/\/api.w.org\/{rel}","templated":true}]}}