{"id":68313,"date":"2024-05-13T08:40:00","date_gmt":"2024-05-13T14:40:00","guid":{"rendered":"https:\/\/zonaroja.com.mx\/?p=68313"},"modified":"2024-05-13T07:45:04","modified_gmt":"2024-05-13T13:45:04","slug":"opinion-tribunal-de-justicia-administrativa-entre-sumisiones-y-pifias","status":"publish","type":"post","link":"https:\/\/zonaroja.com.mx\/?p=68313","title":{"rendered":"Opini\u00f3n. Tribunal de Justicia Administrativa, entre sumisiones y pifias"},"content":{"rendered":"\n<p>Ismael Garc\u00eda M.\/Zona Roja.<\/p>\n\n\n\n<p>Oaxaca, Oax., a 13 de mayo de 2024.- En menos de un a\u00f1o, el Tribunal de Justicia Administrativa y Combate a la Corrupci\u00f3n de Oaxaca ha demostrado plena sumisi\u00f3n al Poder Ejecutivo\u2026 y tambi\u00e9n una serie de pifias.<\/p>\n\n\n\n<p>Creado supuestamente para defender al ciudadano de los atropellos de las autoridades estatales y de los actos de corrupci\u00f3n, ha hecho todo lo contrario y se ha puesto del lado del gobierno.<\/p>\n\n\n\n<p>\u00bfQu\u00e9 resoluci\u00f3n importante ha emitido dicho tribunal en su corta existencia de casi un a\u00f1o? Ninguna.<\/p>\n\n\n\n<p>En cambio, se ha distinguido a nivel nacional por dos errores en sentencias en contra de Elizabeth S\u00e1nchez Gonz\u00e1lez, al suspenderla el igual n\u00famero de ocasiones de su cargo de presidenta del Instituto Estatal Electoral.<\/p>\n\n\n\n<p>\u00bfEl presidente del \u00f3rgano? Mateo Mart\u00ednez Mart\u00ednez, un perfecto desconocido sin experiencia para conducir las tareas de dicho \u00f3rgano estatal, quien al igual que los dem\u00e1s&nbsp; magistrados ganan un salario mensual exorbitante, pese a que se dijo que aplicar\u00edan la austeridad.<\/p>\n\n\n\n<p>\u00bfSancionar\u00e1n a los integrantes del Tribunal de Justicia Administrativa por tomar determinaciones a modo y su actuaci\u00f3n oficialista? Hasta ahora nadie ha dicho nada, ni siquiera la afectada por sus sentencias.&nbsp;<\/p>\n\n\n\n<p>As\u00ed que, por lo pronto, los oaxaque\u00f1os se encuentran indefensos de los atropellos institucionales o casos de corrupci\u00f3n de los que son v\u00edctimas.<\/p>\n\n\n\n<p>LA CREACI\u00d3N<\/p>\n\n\n\n<p>Fue el 20 de diciembre de 2015 en que la 59 Legislatura del Estado aprob\u00f3 la Ley de Justicia Administrativa, pero fue hasta enero del a\u00f1o 2007 en que se instal\u00f3 formalmente el Tribunal de lo Contencioso Administrativo de Oaxaca.<\/p>\n\n\n\n<p>Tuvo una modificaci\u00f3n por parte del Congreso y el 30 de junio de 2015 cambi\u00f3 a Tribunal de lo Contencioso Administrativo de Cuentas.<\/p>\n\n\n\n<p>El 16 de enero de 2018, ya en el sexenio de Alejandro Murat, mut\u00f3 a Tribunal de Justicia Administrativa, como ente aut\u00f3nomo\u2026 en la ley. Con ello, el ex priista y ahora morenista coloc\u00f3 a sus amigos y los hizo magistrados, con Manuel Velasco Alc\u00e1ntara a la cabeza.<\/p>\n\n\n\n<p>Para quitar a los priistas y tener un Tribunal morenista y a modo, a mediados del a\u00f1o pasado, el gobernador Salom\u00f3n Jara Cruz envi\u00f3 una iniciativa al Congreso del Estado a fin de modificar el \u00f3rgano.<\/p>\n\n\n\n<p>As\u00ed naci\u00f3 con el Tribunal de Justicia Administrativa y Combate a la Corrupci\u00f3n de Oaxaca, pero con una serie de pifias, con tal de acabar con todo lo que oliera a muratista.<\/p>\n\n\n\n<p>LAS PIFIAS<\/p>\n\n\n\n<p>Como suele suceder, desde el Gobierno del Estado se \u201csugiri\u00f3\u201d al Poder Legislativo las ternas para elegir a los integrantes de dicho \u00f3rgano, que sustituy\u00f3 al Tribunal de Justicia Administrativa y la presidencia recay\u00f3 en Mateo Mart\u00ednez.<\/p>\n\n\n\n<p>Pero apenas naci\u00f3 y comenzaron los problemas, con la propia desaparici\u00f3n del anterior \u00f3rgano, cuando Manuel Velasco Alc\u00e1ntara interpuso una controversia constitucional, la 396\/2023, que fue admitida por la Suprema Corte de Justicia de la Naci\u00f3n y que ordenaba dejar de inmediato las cosas en su estado anterior.<\/p>\n\n\n\n<p>En ese contexto, el gobernador Salom\u00f3n Jara hab\u00eda se\u00f1alado en reiteradas ocasiones presuntos actos de corrupci\u00f3n cometidos por el Tribunal de Justicia Administrativa del sexenio anterior, con resoluciones a modo que representaban ganancias millonarias.<\/p>\n\n\n\n<p>Incluso, para aparentar el combate a la corrupci\u00f3n, la polic\u00eda estatal se apoder\u00f3 de las instalaciones del Tribunal, supuestamente para impedir el saqueo de documentos.<\/p>\n\n\n\n<p>Tras la rebeld\u00eda de Velasco Alc\u00e1ntara, se le amag\u00f3 con revivir diversas \u00f3rdenes de aprehensi\u00f3n pendientes en su contra; \u00e9ste andaba de vacaciones en Israel y luego se fue a refugiar a Canad\u00e1.<\/p>\n\n\n\n<p>Pero finalmente no se hizo justicia y se negoci\u00f3\u2026 con muchos millones de pesos de por medio.&nbsp;<\/p>\n\n\n\n<p>Un intermediario trajo de vuelta a Manuel Velasco, quien se desisti\u00f3 de su demanda de controversia constitucional, gan\u00f3 muchos millones m\u00e1s; se indemniz\u00f3 en exceso a los anteriores magistrados. Y sigue impune.<\/p>\n\n\n\n<p>LOS NUEVOS<\/p>\n\n\n\n<p>Tras ello supuestamente comenz\u00f3 a operar, ahora s\u00ed de manera ordenada, el nuevo Tribunal de Justicia Administrativa y Combate a la Corrupci\u00f3n; incluso su primera sesi\u00f3n fue p\u00fablica, abierta a los medios de comunicaci\u00f3n.<\/p>\n\n\n\n<p>Y hasta ah\u00ed, porque todas sus sesiones y resoluciones siguen en la opacidad; el \u00fanico cambio en ese \u00f3rgano supuestamente aut\u00f3nomo fue la disminuci\u00f3n de 12 a siete magistrados. Nada m\u00e1s.<\/p>\n\n\n\n<p>Cobr\u00f3 notoriedad hasta marzo pasado en que, tras supuestas denuncias de la Contralor\u00eda Interna del IEEPCO, determin\u00f3 suspender hasta por un a\u00f1o a Elizabeth S\u00e1nchez Gonz\u00e1lez de su cargo como presidenta del \u00f3rgano (junto con la entonces responsable administrativa, Noem\u00ed S\u00e1nchez Guti\u00e9rrez).<\/p>\n\n\n\n<p>Sin defender a la consejera \u2014pues si tiene o no responsabilidad en los desv\u00edos millonarios de los que se le acusa, tendr\u00e1 que ser sancionada o en su caso exonerada por las instancias correspondientes\u2014, la primera extralimitaci\u00f3n del Tribunal de Justicia se revel\u00f3 de inmediato.<\/p>\n\n\n\n<p>El Tribunal Electoral del Poder Judicial de la Federaci\u00f3n orden\u00f3 la inmediata reinstalaci\u00f3n de la presidenta del Consejo General del Instituto. Pero m\u00e1s tard\u00f3 en sentarse en su lugar que el Tribunal de Justicia Administrativa de imponer otra sanci\u00f3n, ahora por tres a\u00f1os.<\/p>\n\n\n\n<p>El 8 de mayo pasado, de nuevo el Poder Judicial de la Federaci\u00f3n orden\u00f3 reinstalarla en su cargo, lo cual ocurri\u00f3 el pasado s\u00e1bado 11 de mayo.<\/p>\n\n\n\n<p>\u00bfY EL CASTIGO?<\/p>\n\n\n\n<p>Nada ni nadie ha garantizado, hasta ahora, que se puedan sancionar las pifias del Tribunal de Justicia Administrativa y Combate a la Corrupci\u00f3n, que a\u00fan preside Mateo Mart\u00ednez.<\/p>\n\n\n\n<p>Nada ni nadie garantiza que Elizabeth S\u00e1nchez Gonz\u00e1lez pueda ser acusada y sancionada por en\u00e9sima ocasi\u00f3n, sea o no responsable de los delitos que se le se\u00f1alan.<\/p>\n\n\n\n<p>Nada ni nadie garantiza que el proceso electoral pueda terminar de manera \u00f3ptima, ante la serie de conflictos internos que enfrenta.&nbsp;<\/p>\n\n\n\n<p>Entonces, Manuel Velasco Alc\u00e1ntara seguir\u00e1 en la impunidad y el Tribunal administrativo seguir\u00e1 obedeciendo \u00f3rdenes del Ejecutivo estatal, para hacer y deshacer a conveniencia pol\u00edtica.<\/p>\n","protected":false},"excerpt":{"rendered":"<p>Ismael Garc\u00eda M.\/Zona Roja. Oaxaca, Oax., a 13 de mayo de 2024.- En menos de&hellip;<\/p>\n","protected":false},"author":2,"featured_media":67764,"comment_status":"closed","ping_status":"open","sticky":false,"template":"","format":"standard","meta":{"_lmt_disableupdate":"","_lmt_disable":"","_jetpack_memberships_contains_paid_content":false,"footnotes":""},"categories":[456,109,48],"tags":[1353],"class_list":["post-68313","post","type-post","status-publish","format-standard","has-post-thumbnail","hentry","category-columna","category-minuto-a-minuto","category-zona-critica","tag-opinion-zona-critica"],"jetpack_featured_media_url":"https:\/\/zonaroja.com.mx\/wp-content\/uploads\/2024\/04\/Opinion-Zona-Roja-Ismael-Garcia.jpg","jetpack_sharing_enabled":true,"_links":{"self":[{"href":"https:\/\/zonaroja.com.mx\/index.php?rest_route=\/wp\/v2\/posts\/68313","targetHints":{"allow":["GET"]}}],"collection":[{"href":"https:\/\/zonaroja.com.mx\/index.php?rest_route=\/wp\/v2\/posts"}],"about":[{"href":"https:\/\/zonaroja.com.mx\/index.php?rest_route=\/wp\/v2\/types\/post"}],"author":[{"embeddable":true,"href":"https:\/\/zonaroja.com.mx\/index.php?rest_route=\/wp\/v2\/users\/2"}],"replies":[{"embeddable":true,"href":"https:\/\/zonaroja.com.mx\/index.php?rest_route=%2Fwp%2Fv2%2Fcomments&post=68313"}],"version-history":[{"count":1,"href":"https:\/\/zonaroja.com.mx\/index.php?rest_route=\/wp\/v2\/posts\/68313\/revisions"}],"predecessor-version":[{"id":68314,"href":"https:\/\/zonaroja.com.mx\/index.php?rest_route=\/wp\/v2\/posts\/68313\/revisions\/68314"}],"wp:featuredmedia":[{"embeddable":true,"href":"https:\/\/zonaroja.com.mx\/index.php?rest_route=\/wp\/v2\/media\/67764"}],"wp:attachment":[{"href":"https:\/\/zonaroja.com.mx\/index.php?rest_route=%2Fwp%2Fv2%2Fmedia&parent=68313"}],"wp:term":[{"taxonomy":"category","embeddable":true,"href":"https:\/\/zonaroja.com.mx\/index.php?rest_route=%2Fwp%2Fv2%2Fcategories&post=68313"},{"taxonomy":"post_tag","embeddable":true,"href":"https:\/\/zonaroja.com.mx\/index.php?rest_route=%2Fwp%2Fv2%2Ftags&post=68313"}],"curies":[{"name":"wp","href":"https:\/\/api.w.org\/{rel}","templated":true}]}}