{"id":68315,"date":"2024-05-13T07:57:35","date_gmt":"2024-05-13T13:57:35","guid":{"rendered":"https:\/\/zonaroja.com.mx\/?p=68315"},"modified":"2024-05-13T07:57:37","modified_gmt":"2024-05-13T13:57:37","slug":"reprocha-el-arzobispo-menosprecio-a-migrantes-en-su-paso-por-oaxaca","status":"publish","type":"post","link":"https:\/\/zonaroja.com.mx\/?p=68315","title":{"rendered":"Reprocha el Arzobispo menosprecio a migrantes en su paso por Oaxaca"},"content":{"rendered":"\n<p>Ismael Garc\u00eda M.\/Zona Roja.<\/p>\n\n\n\n<p>Oaxaca de Ju\u00e1rez, Oax., a 13 de mayo de 2024.- \u201cEl d\u00eda 10 de mayo lleg\u00f3 a esta ciudad una caravana de migrantes y fueron tratados por algunos o por muchos oaxaque\u00f1os no con la caridad y con el amor; con repugnancia, con molestia, con coraje, con desprecio\u201d.&nbsp;<\/p>\n\n\n\n<p>As\u00ed reproch\u00f3 el Arzobispo de Antequera Oaxaca, Pedro V\u00e1zquez Villalobos, el trato que se le dio a los migrantes centroamericanos y sudamericanos a su paso por el territorio estatal y que el 10 de mayo pasado, D\u00eda de las Madres, ingresaron a la capital.<\/p>\n\n\n\n<p>\u201cNo pudimos compartir, no fuimos capaces de llevarles tal vez un botecito de agua, una frutita, un taquito, un pancito.&nbsp;Nos da molestia que lleguen aqu\u00ed guatemaltecos, salvadore\u00f1os, hondure\u00f1os, haitianos,&nbsp;etc,&nbsp;etc, etc.&nbsp;<\/p>\n\n\n\n<p>\u201cNos molesta que vengan personas de otro color, porque nosotros sentimos que tenemos un color privilegiado. Nos molestan sus figuras y sus olores, su presencia\u201d, dijo.&nbsp;<\/p>\n\n\n\n<p>Durante su homil\u00eda de ayer desde la Catedral metropolitana, expuso que Jesucristo fue tambi\u00e9n migrante \u201cy hoy sigue siendo migrante en cada uno de nuestros hermanos que vienen caminando con la esperanza de llegar a un lugar y tener un trabajo y vivir mejor y nosotros&nbsp;los juzgamos, los condenamos, los despreciamos, al Jes\u00fas migrante, en el rostro de esos se\u00f1ores y esas se\u00f1oras\u201d.<\/p>\n\n\n\n<p>Lament\u00f3 asimismo que se utilicen las redes sociales para provocar odio, coraje, molestia, \u201cen lugar de utilizar esas redes sociales para decir: compartamos, vayamos al polideportivo donde se concentraron, vayamos ah\u00ed a llevarles algo\u201d.<\/p>\n\n\n\n<p>En seguida cuestion\u00f3: \u201c\u00bfY esos somos los hijos de Dios, que no queremos mirar el rostro de Dios en un venezolano, en un haitiano, en un hondure\u00f1o, en un guatemalteco, en un africano?\u201d.&nbsp;<\/p>\n\n\n\n<p>Pidi\u00f3 a la sociedad en general ser m\u00e1s amorosos, comprensivos y compartir con los necesitados y record\u00f3 tambi\u00e9n que miles de oaxaque\u00f1os son migrantes, en busca de mejores niveles de vida y bienestar.<\/p>\n\n\n\n<p>\u201cYo le preguntar\u00eda \u00bfpor qu\u00e9 hay millones de oaxaque\u00f1os en Estados Unidos? \u00bfpor qu\u00e9? \u00bfpor gusto? No, se\u00f1or, por necesidad, por eso se fue mi hermano oaxaque\u00f1o a los Estados Unidos, por necesidad. A los estados de Baja California del norte, por necesidad de trabajo, por eso se fue mi hermano oaxaque\u00f1o y es un migrante.<\/p>\n\n\n\n<p>\u201c\u00bfPor qu\u00e9 se vienen ellos? Por necesidad. \u00bfUsted cree que por gusto? \u00bfpor gusto van a traer a sus creaturas carg\u00e1ndolos en el cuello? \u00bfpor gusto? No, se\u00f1or, no es por gusto, es por necesidad y usted no lo quiere ver, ve otras cosas\u201d.<\/p>\n\n\n\n<p>A prop\u00f3sito del D\u00eda Mundial de las Comunicaciones, insisti\u00f3 en su llamado a utilizar las redes sociales para bien, no para mal; para llevar un mensaje de esperanza, una palabra de aliento, un saludo de paz, un cultivar el amor, la paz, la solidaridad.&nbsp;<\/p>\n\n\n\n<p>\u201cNo pasemos en las redes sociales difamando, da\u00f1ando a las personas, burl\u00e1ndonos. Y nosotros no necesitamos que vengan migrantes, aqu\u00ed tenemos hermanos que vienen por necesidad, de los pueblos originarios y \u00bfc\u00f3mo los tratamos? \u00bfc\u00f3mo los tratamos? \u2018mira nada m\u00e1s a esa ind\u00edgena, \u00bfQu\u00e9 est\u00e1 haciendo aqu\u00ed?\u2019&nbsp;<\/p>\n\n\n\n<p>\u201c\u00bfC\u00f3mo los tratamos? \u00bfcon amor? \u00bfcon caridad? \u00bfcon misericordia? \u00bfcon compasi\u00f3n? \u00a0Tambi\u00e9n los despreciamos. Mis hermanos de los pueblos originarios se sienten a veces despreciados por los que vivimos en la capital, en la capital. Algo tenemos qu\u00e9 hacer\u201d, remarc\u00f3 Pedro V\u00e1squez Villalobos.<\/p>\n\n\n\n<figure class=\"wp-block-embed is-type-rich is-provider-twitter wp-block-embed-twitter\"><div class=\"wp-block-embed__wrapper\">\n<div class=\"twitter-tweet\"><blockquote class=\"twitter-tweet\" data-lang=\"es\"><p lang=\"es\" dir=\"ltr\">2. Oaxaca tiene tambi\u00e9n migrantes, en el norte del pa\u00eds y en los Estados Unidos. Llegan adem\u00e1s de los pueblos a la capital oaxaque\u00f1a. <br>\u201cC\u00f3mo los tratamos, \u00bfcon amor?, \u00bfcon misericordia?, \u00bfcon compasi\u00f3n?, tambi\u00e9n ellos se sienten a veces despreciados por los que vivimos en la\u2026 <a href=\"https:\/\/t.co\/EV1E6RT9kh\">pic.twitter.com\/EV1E6RT9kh<\/a><\/p>&mdash; Zona Roja Oaxaca (@ZonaRoja_Oaxaca) <a href=\"https:\/\/twitter.com\/ZonaRoja_Oaxaca\/status\/1789871160001229050?ref_src=twsrc%5Etfw\">13 de mayo de 2024<\/a><\/blockquote><\/div>\n<\/div><\/figure>\n","protected":false},"excerpt":{"rendered":"<p>Ismael Garc\u00eda M.\/Zona Roja. Oaxaca de Ju\u00e1rez, Oax., a 13 de mayo de 2024.- \u201cEl&hellip;<\/p>\n","protected":false},"author":2,"featured_media":68316,"comment_status":"closed","ping_status":"open","sticky":false,"template":"","format":"standard","meta":{"_lmt_disableupdate":"","_lmt_disable":"","_jetpack_memberships_contains_paid_content":false,"footnotes":""},"categories":[109,46],"tags":[2219],"class_list":["post-68315","post","type-post","status-publish","format-standard","has-post-thumbnail","hentry","category-minuto-a-minuto","category-zona-blanca","tag-arzobispo-pedro-vazquez-villalobos"],"jetpack_featured_media_url":"https:\/\/zonaroja.com.mx\/wp-content\/uploads\/2024\/05\/Arzobispo-de-Antequera-Oaxaca-Catedral-Pedro-Vasquez.jpg","jetpack_sharing_enabled":true,"_links":{"self":[{"href":"https:\/\/zonaroja.com.mx\/index.php?rest_route=\/wp\/v2\/posts\/68315","targetHints":{"allow":["GET"]}}],"collection":[{"href":"https:\/\/zonaroja.com.mx\/index.php?rest_route=\/wp\/v2\/posts"}],"about":[{"href":"https:\/\/zonaroja.com.mx\/index.php?rest_route=\/wp\/v2\/types\/post"}],"author":[{"embeddable":true,"href":"https:\/\/zonaroja.com.mx\/index.php?rest_route=\/wp\/v2\/users\/2"}],"replies":[{"embeddable":true,"href":"https:\/\/zonaroja.com.mx\/index.php?rest_route=%2Fwp%2Fv2%2Fcomments&post=68315"}],"version-history":[{"count":1,"href":"https:\/\/zonaroja.com.mx\/index.php?rest_route=\/wp\/v2\/posts\/68315\/revisions"}],"predecessor-version":[{"id":68317,"href":"https:\/\/zonaroja.com.mx\/index.php?rest_route=\/wp\/v2\/posts\/68315\/revisions\/68317"}],"wp:featuredmedia":[{"embeddable":true,"href":"https:\/\/zonaroja.com.mx\/index.php?rest_route=\/wp\/v2\/media\/68316"}],"wp:attachment":[{"href":"https:\/\/zonaroja.com.mx\/index.php?rest_route=%2Fwp%2Fv2%2Fmedia&parent=68315"}],"wp:term":[{"taxonomy":"category","embeddable":true,"href":"https:\/\/zonaroja.com.mx\/index.php?rest_route=%2Fwp%2Fv2%2Fcategories&post=68315"},{"taxonomy":"post_tag","embeddable":true,"href":"https:\/\/zonaroja.com.mx\/index.php?rest_route=%2Fwp%2Fv2%2Ftags&post=68315"}],"curies":[{"name":"wp","href":"https:\/\/api.w.org\/{rel}","templated":true}]}}