{"id":68323,"date":"2024-05-13T00:30:00","date_gmt":"2024-05-13T06:30:00","guid":{"rendered":"https:\/\/zonaroja.com.mx\/?p=68323"},"modified":"2024-05-13T08:14:58","modified_gmt":"2024-05-13T14:14:58","slug":"confirma-fiscalia-de-oaxaca-sentencia-de-83-anos-contra-militar-feminicida","status":"publish","type":"post","link":"https:\/\/zonaroja.com.mx\/?p=68323","title":{"rendered":"Confirma Fiscal\u00eda de Oaxaca sentencia de 83 a\u00f1os contra militar feminicida"},"content":{"rendered":"\n<p>Redacci\u00f3n\/Zona Roja.<\/p>\n\n\n\n<p>Oaxaca de Ju\u00e1rez, Oax., 13 de mayo de 2024.- En puntual seguimiento a casos de violencia de g\u00e9nero que ocurren en la entidad, la Fiscal\u00eda General del Estado de Oaxaca (FGEO) obtuvo sentencia condenatoria de 83 a\u00f1os de prisi\u00f3n contra G. A. G. E., se\u00f1alado como responsable del delito de feminicidio agravado en contra de una mujer identificada como M. C. Z. Z., cometido en la regi\u00f3n del regi\u00f3n del Istmo de Tehuantepec.<\/p>\n\n\n\n<p>De acuerdo con lo asentado en el expediente penal, los hechos ocurrieron el 14 de marzo de 2021, cuando la v\u00edctima se encontraba en el paraje \u201cPaso Lim\u00f3n\u201d de Santa Mar\u00eda Guienagati, lugar donde el imputado le provoc\u00f3 la muerte a la v\u00edctima y dej\u00f3 el cuerpo abandonado.<\/p>\n\n\n\n<p>Cuando la FGEO tom\u00f3 conocimiento del caso, inici\u00f3 las investigaciones correspondientes, las cuales permitieron reunir las pruebas suficientes para obtener una orden de aprehensi\u00f3n que hizo posible la detenci\u00f3n de G.A.G.E.<\/p>\n\n\n\n<p>Luego de evaluar y analizar los datos de prueba que present\u00f3 la FGEO, el Juez que atiende la causa dict\u00f3 sentencia condenatoria de 83 a\u00f1os y 4 meses de prisi\u00f3n, en contra de G.A.G.E., por su responsabilidad en la comisi\u00f3n del delito de feminicidio agravado, adem\u00e1s de imponer el pago de una multa por concepto de reparaci\u00f3n del da\u00f1o.<\/p>\n\n\n\n<p>En casos de feminicidio, la Fiscal\u00eda General compromete investigaciones con perspectiva de g\u00e9nero y bajo el Protocolo Ministerial, Policial y Pericial del Delito de Feminicidio en el Estado de Oaxaca, a fin de presentar ante la justicia y aplicar todo el rigor de la Ley a quien o quienes resulten responsables.<\/p>\n","protected":false},"excerpt":{"rendered":"<p>Redacci\u00f3n\/Zona Roja. Oaxaca de Ju\u00e1rez, Oax., 13 de mayo de 2024.- En puntual seguimiento a&hellip;<\/p>\n","protected":false},"author":2,"featured_media":68324,"comment_status":"closed","ping_status":"open","sticky":false,"template":"","format":"standard","meta":{"_lmt_disableupdate":"","_lmt_disable":"","_jetpack_memberships_contains_paid_content":false,"footnotes":""},"categories":[109,46],"tags":[494],"class_list":["post-68323","post","type-post","status-publish","format-standard","has-post-thumbnail","hentry","category-minuto-a-minuto","category-zona-blanca","tag-fiscalia-general-del-estado-de-oaxaca"],"jetpack_featured_media_url":"https:\/\/zonaroja.com.mx\/wp-content\/uploads\/2024\/05\/Feminicida-detenido-Oaxaca-Guienagati-sentenciado.jpg","jetpack_sharing_enabled":true,"_links":{"self":[{"href":"https:\/\/zonaroja.com.mx\/index.php?rest_route=\/wp\/v2\/posts\/68323","targetHints":{"allow":["GET"]}}],"collection":[{"href":"https:\/\/zonaroja.com.mx\/index.php?rest_route=\/wp\/v2\/posts"}],"about":[{"href":"https:\/\/zonaroja.com.mx\/index.php?rest_route=\/wp\/v2\/types\/post"}],"author":[{"embeddable":true,"href":"https:\/\/zonaroja.com.mx\/index.php?rest_route=\/wp\/v2\/users\/2"}],"replies":[{"embeddable":true,"href":"https:\/\/zonaroja.com.mx\/index.php?rest_route=%2Fwp%2Fv2%2Fcomments&post=68323"}],"version-history":[{"count":1,"href":"https:\/\/zonaroja.com.mx\/index.php?rest_route=\/wp\/v2\/posts\/68323\/revisions"}],"predecessor-version":[{"id":68325,"href":"https:\/\/zonaroja.com.mx\/index.php?rest_route=\/wp\/v2\/posts\/68323\/revisions\/68325"}],"wp:featuredmedia":[{"embeddable":true,"href":"https:\/\/zonaroja.com.mx\/index.php?rest_route=\/wp\/v2\/media\/68324"}],"wp:attachment":[{"href":"https:\/\/zonaroja.com.mx\/index.php?rest_route=%2Fwp%2Fv2%2Fmedia&parent=68323"}],"wp:term":[{"taxonomy":"category","embeddable":true,"href":"https:\/\/zonaroja.com.mx\/index.php?rest_route=%2Fwp%2Fv2%2Fcategories&post=68323"},{"taxonomy":"post_tag","embeddable":true,"href":"https:\/\/zonaroja.com.mx\/index.php?rest_route=%2Fwp%2Fv2%2Ftags&post=68323"}],"curies":[{"name":"wp","href":"https:\/\/api.w.org\/{rel}","templated":true}]}}