{"id":6833,"date":"2019-12-20T21:21:40","date_gmt":"2019-12-21T03:21:40","guid":{"rendered":"http:\/\/www.zonaroja.com.mx\/?p=6833"},"modified":"2019-12-21T07:06:40","modified_gmt":"2019-12-21T13:06:40","slug":"artesanas-invitan-a-feria-del-barro-negro-en-san-bartolo-coyotepec","status":"publish","type":"post","link":"https:\/\/zonaroja.com.mx\/?p=6833","title":{"rendered":"Artesanas invitan a feria del barro negro en San Bartolo Coyotepec"},"content":{"rendered":"\n<p>Redacci\u00f3n\/Zona\nRoja.<\/p>\n\n\n\n<p>Oaxaca de Ju\u00e1rez, Oax., 21 de diciembre de 2019.- Artesanas de San Bartolo Coyotepec invitan a oaxaque\u00f1os y turistas a visitar la expoferia del barro negro 2019, que inicia este 21 de diciembre y culmina el 5 de enero, en ese municipio de la regi\u00f3n Valles Centrales de Oaxaca.<\/p>\n\n\n\n<p>En\nconferencia de prensa, dieron a conocer que la comunidad, situada a unos 15\nkil\u00f3metros al sur de la capital, busca incrementar la afluencia de visitantes y\ncon ello generar derrama econ\u00f3mica para todos los sectores.<\/p>\n\n\n\n<p>De\nacuerdo con el secretario del Grupo de Artesanos de San Bartolo Coyotepec,\nFortunato Cruz Sim\u00f3n, la expoferia estar\u00e1 ubicada en el centro del parque\nmunicipal en un horario de 9:00 a 20:00 horas.<\/p>\n\n\n\n<p>Se\u00f1al\u00f3\nque alrededor de 70 artesanos expondr\u00e1n y comercializar\u00e1n sus artesan\u00edas como\nc\u00e1ntaros para agua, para mezcal, vasos, floreros, vasijas, servilleteros y\notras piezas de ornato. Adem\u00e1s de artesan\u00edas con barro negro, tambi\u00e9n habr\u00e1 de\nbarro caf\u00e9.<\/p>\n\n\n\n<p>En esta expoferia,\ndonde habitantes de poblaciones vecinas tendr\u00e1n un espacio para comercializar\nsu mezcal, ropa t\u00edpica, alebrijes y otras artesan\u00edas, las personas tambi\u00e9n\npodr\u00e1n degustar nieve, tejate, comida tradicional y chocolate.<\/p>\n\n\n\n<p>Explic\u00f3 que\nesta es una de las tres expoferias que se realizan al a\u00f1o en la poblaci\u00f3n,\nsiendo la primera que llevan a cabo en la temporada vacacional de Semana Santa,\ny la otra en el marco de la Guelaguetza.<\/p>\n\n\n\n<p>Indic\u00f3\nque en cada uno de estos encuentros, dan una muestra a las y los visitantes del\nproceso de elaboraci\u00f3n de sus artesan\u00edas, los cuales se desarrolla normalmente\na lo largo de 20 d\u00edas desde la extracci\u00f3n del barro hasta el horneado de las\npiezas.<\/p>\n","protected":false},"excerpt":{"rendered":"<p>Redacci\u00f3n\/Zona Roja. Oaxaca de Ju\u00e1rez, Oax., 21 de diciembre de 2019.- Artesanas de San Bartolo&hellip;<\/p>\n","protected":false},"author":2,"featured_media":6834,"comment_status":"closed","ping_status":"open","sticky":false,"template":"","format":"standard","meta":{"_lmt_disableupdate":"","_lmt_disable":"","_jetpack_memberships_contains_paid_content":false,"footnotes":""},"categories":[109,46],"tags":[1155],"class_list":["post-6833","post","type-post","status-publish","format-standard","has-post-thumbnail","hentry","category-minuto-a-minuto","category-zona-blanca","tag-san-bartolo-coyotepec"],"jetpack_featured_media_url":"https:\/\/zonaroja.com.mx\/wp-content\/uploads\/2019\/12\/6a7927a5-507d-4ddd-b4ec-bfc1938d08b3.jpg","jetpack_sharing_enabled":true,"_links":{"self":[{"href":"https:\/\/zonaroja.com.mx\/index.php?rest_route=\/wp\/v2\/posts\/6833","targetHints":{"allow":["GET"]}}],"collection":[{"href":"https:\/\/zonaroja.com.mx\/index.php?rest_route=\/wp\/v2\/posts"}],"about":[{"href":"https:\/\/zonaroja.com.mx\/index.php?rest_route=\/wp\/v2\/types\/post"}],"author":[{"embeddable":true,"href":"https:\/\/zonaroja.com.mx\/index.php?rest_route=\/wp\/v2\/users\/2"}],"replies":[{"embeddable":true,"href":"https:\/\/zonaroja.com.mx\/index.php?rest_route=%2Fwp%2Fv2%2Fcomments&post=6833"}],"version-history":[{"count":2,"href":"https:\/\/zonaroja.com.mx\/index.php?rest_route=\/wp\/v2\/posts\/6833\/revisions"}],"predecessor-version":[{"id":6838,"href":"https:\/\/zonaroja.com.mx\/index.php?rest_route=\/wp\/v2\/posts\/6833\/revisions\/6838"}],"wp:featuredmedia":[{"embeddable":true,"href":"https:\/\/zonaroja.com.mx\/index.php?rest_route=\/wp\/v2\/media\/6834"}],"wp:attachment":[{"href":"https:\/\/zonaroja.com.mx\/index.php?rest_route=%2Fwp%2Fv2%2Fmedia&parent=6833"}],"wp:term":[{"taxonomy":"category","embeddable":true,"href":"https:\/\/zonaroja.com.mx\/index.php?rest_route=%2Fwp%2Fv2%2Fcategories&post=6833"},{"taxonomy":"post_tag","embeddable":true,"href":"https:\/\/zonaroja.com.mx\/index.php?rest_route=%2Fwp%2Fv2%2Ftags&post=6833"}],"curies":[{"name":"wp","href":"https:\/\/api.w.org\/{rel}","templated":true}]}}