{"id":68334,"date":"2024-05-13T18:21:40","date_gmt":"2024-05-14T00:21:40","guid":{"rendered":"https:\/\/zonaroja.com.mx\/?p=68334"},"modified":"2024-05-13T18:21:44","modified_gmt":"2024-05-14T00:21:44","slug":"atacan-normalistas-palacio-nacional-hay-25-lesionados","status":"publish","type":"post","link":"https:\/\/zonaroja.com.mx\/?p=68334","title":{"rendered":"Atacan normalistas Palacio Nacional; hay 25 lesionados"},"content":{"rendered":"\n<p>Redacci\u00f3n\/Zona Roja Cdmx.<\/p>\n\n\n\n<p>Ciudad de M\u00e9xico, a 13 de mayo de 2024.- Normalistas de Ayotzinapa&nbsp;atacaron este lunes la fachada de Palacio Nacional con cohetones, lo que dej\u00f3 un saldo de al menos 25 polic\u00edas lesionados por las detonaciones \u2014pese a que portaban equipo antimotines\u2014, en las piernas, brazos, pecho e incluso en el rostro.<\/p>\n\n\n\n<p>Cabe mencionar que horas antes se llev\u00f3 a cabo la conferencia de prensa matutina, por lo que el presidente Andr\u00e9s Manuel L\u00f3pez Obrador, por lo que se encontraba dentro del edificio al momento del ataque.&nbsp;<\/p>\n\n\n\n<p>El grupo de normalistas de la escuela rural \u201cRa\u00fal Isidro Burgos\u201d inici\u00f3 la protesta en la plancha de la Constituci\u00f3n para exigir una audiencia con el Presidente respecto al caso Ayotzinapa.<\/p>\n\n\n\n<p>Es relevante agregar que la manifestaci\u00f3n escal\u00f3 de un plant\u00f3n a un ataque con cohetones y petardos contra la puerta de Mariana del edificio, donde hab\u00eda una valla de contenci\u00f3n y elementos de la polic\u00eda capitalina.<\/p>\n\n\n\n<p>Dicha movilizaci\u00f3n se dio luego de la liberaci\u00f3n de ocho militares que estaban encarcelados por su presunta relaci\u00f3n con la desaparici\u00f3n de 43 normalistas. Tras el ataque, los normalistas se retiraron por la avenida Balderas para abordar un autob\u00fas que los llev\u00f3 a un paradero desconocido, por lo que no hay detenidos por el hecho.<\/p>\n\n\n\n<p>(Con informaci\u00f3n de \u201cMilenio\u201d)<\/p>\n","protected":false},"excerpt":{"rendered":"<p>Redacci\u00f3n\/Zona Roja Cdmx. Ciudad de M\u00e9xico, a 13 de mayo de 2024.- Normalistas de Ayotzinapa&nbsp;atacaron&hellip;<\/p>\n","protected":false},"author":2,"featured_media":68335,"comment_status":"closed","ping_status":"open","sticky":false,"template":"","format":"standard","meta":{"_lmt_disableupdate":"","_lmt_disable":"","_jetpack_memberships_contains_paid_content":false,"footnotes":""},"categories":[109,47],"tags":[1816],"class_list":["post-68334","post","type-post","status-publish","format-standard","has-post-thumbnail","hentry","category-minuto-a-minuto","category-zona-gris","tag-43-desaparecidos-ayotzinapa"],"jetpack_featured_media_url":"https:\/\/zonaroja.com.mx\/wp-content\/uploads\/2024\/05\/Petardos-normalistas-Palacio-Nacional.jpeg","jetpack_sharing_enabled":true,"_links":{"self":[{"href":"https:\/\/zonaroja.com.mx\/index.php?rest_route=\/wp\/v2\/posts\/68334","targetHints":{"allow":["GET"]}}],"collection":[{"href":"https:\/\/zonaroja.com.mx\/index.php?rest_route=\/wp\/v2\/posts"}],"about":[{"href":"https:\/\/zonaroja.com.mx\/index.php?rest_route=\/wp\/v2\/types\/post"}],"author":[{"embeddable":true,"href":"https:\/\/zonaroja.com.mx\/index.php?rest_route=\/wp\/v2\/users\/2"}],"replies":[{"embeddable":true,"href":"https:\/\/zonaroja.com.mx\/index.php?rest_route=%2Fwp%2Fv2%2Fcomments&post=68334"}],"version-history":[{"count":1,"href":"https:\/\/zonaroja.com.mx\/index.php?rest_route=\/wp\/v2\/posts\/68334\/revisions"}],"predecessor-version":[{"id":68336,"href":"https:\/\/zonaroja.com.mx\/index.php?rest_route=\/wp\/v2\/posts\/68334\/revisions\/68336"}],"wp:featuredmedia":[{"embeddable":true,"href":"https:\/\/zonaroja.com.mx\/index.php?rest_route=\/wp\/v2\/media\/68335"}],"wp:attachment":[{"href":"https:\/\/zonaroja.com.mx\/index.php?rest_route=%2Fwp%2Fv2%2Fmedia&parent=68334"}],"wp:term":[{"taxonomy":"category","embeddable":true,"href":"https:\/\/zonaroja.com.mx\/index.php?rest_route=%2Fwp%2Fv2%2Fcategories&post=68334"},{"taxonomy":"post_tag","embeddable":true,"href":"https:\/\/zonaroja.com.mx\/index.php?rest_route=%2Fwp%2Fv2%2Ftags&post=68334"}],"curies":[{"name":"wp","href":"https:\/\/api.w.org\/{rel}","templated":true}]}}